{"id":45811,"date":"2025-09-10T04:15:00","date_gmt":"2025-09-10T07:15:00","guid":{"rendered":"https:\/\/noticiasdestaque.com.br\/index.php\/2025\/09\/10\/congresso-promulga-pec-dos-precatorios-e-libera-parcelamento-de-dividas-de-estados-e-municipios\/"},"modified":"2025-09-10T04:15:00","modified_gmt":"2025-09-10T07:15:00","slug":"congresso-promulga-pec-dos-precatorios-e-libera-parcelamento-de-dividas-de-estados-e-municipios","status":"publish","type":"post","link":"https:\/\/noticiasdestaque.com.br\/index.php\/2025\/09\/10\/congresso-promulga-pec-dos-precatorios-e-libera-parcelamento-de-dividas-de-estados-e-municipios\/","title":{"rendered":"Congresso promulga PEC dos Precat\u00f3rios e libera parcelamento de d\u00edvidas de estados e munic\u00edpios"},"content":{"rendered":"<p>\t\t\t\t\t\t\t\t\t\t<audio controls class=\"b61_audio_player\" data-noticia=\"84495\" src=\"https:\/\/brasil61.com\/rails\/active_storage\/blobs\/eyJfcmFpbHMiOnsibWVzc2FnZSI6IkJBaHBBM3FZQXc9PSIsImV4cCI6bnVsbCwicHVyIjoiYmxvYl9pZCJ9fQ==--362c4fc3ea49946e49485049c5850a7b7f8967f7\/BRAS2514678A\"><\/audio><\/p>\n<p>O <a href=\"https:\/\/www.congressonacional.leg.br\/\">Congresso Nacional<\/a> promulgou, na tarde desta ter\u00e7a-feira (9), a<a href=\"https:\/\/www.camara.leg.br\/proposicoesWeb\/fichadetramitacao?idProposicao=2454495\"> PEC 66\/23<\/a>, conhecida como <strong>PEC dos Precat\u00f3rios<\/strong>. A <strong>proposta permite que Uni\u00e3o, estados e munic\u00edpios parcelem suas d\u00edvidas judiciais e retira essas despesas do teto de gastos a partir de 2026<\/strong>.<\/p>\n<h2>PEC dos Precat\u00f3rios: O que muda<\/h2>\n<p>Na pr\u00e1tica, a medida traz al\u00edvio para as contas p\u00fablicas. <strong>No caso dos estados e munic\u00edpios, a mudan\u00e7a possibilita o pagamento de precat\u00f3rios em parcelas menores e com prazos mais longos, al\u00e9m de permitir a regulariza\u00e7\u00e3o de d\u00e9bitos previdenci\u00e1rios<\/strong>. Para as d\u00edvidas com o <strong>Regime Geral da Previd\u00eancia Social (RGPS)<\/strong>, o parcelamento pode ser feito em at\u00e9 300 vezes.<\/p>\n<p>J\u00e1 para o governo federal, a exclus\u00e3o dessas despesas do teto ajuda no cumprimento da meta fiscal, abrindo espa\u00e7o no or\u00e7amento a partir de 2026. <strong>O assessor de or\u00e7amento C\u00e9sar Lima avalia que a mudan\u00e7a amplia a margem fiscal da Uni\u00e3o<\/strong>.<\/p>\n<p>\u201cQuando o gasto for com o pagamento de precat\u00f3rios, n\u00e3o vai entrar nos limites fiscais que s\u00f3 podem crescer um percentual por ano. Isso permite que haja uma liquidez maior desses precat\u00f3rios para as pessoas que est\u00e3o aguardando h\u00e1 v\u00e1rios anos\u201d, explica Lima.<\/p>\n<h2>PEC dos Precat\u00f3rios: Al\u00edvio para os munic\u00edpios<\/h2>\n<p>O <strong>prefeito de <a href=\"https:\/\/campinas.sp.gov.br\/\">Campinas<\/a>\u00a0(SP), D\u00e1rio Saadi (Republicanos), afirma que a PEC representa um refor\u00e7o importante para as finan\u00e7as locais<\/strong>. \u201cEla vai contribuir no equil\u00edbrio fiscal das cidades, que t\u00eam sido muito pressionadas pelo excesso de responsabilidades e a falta de transfer\u00eancias aos munic\u00edpios por parte do Governo Federal e do Governo do Estado. Sem d\u00favida, ela vai ajudar a cidade de Campinas\u201d, destaca Saadi.<\/p>\n<p>Segundo especialistas, o parcelamento d\u00e1 f\u00f4lego aos cofres estaduais e municipais, que acumulam d\u00edvidas elevadas em precat\u00f3rios de diferentes naturezas, como a\u00e7\u00f5es tribut\u00e1rias e trabalhistas.<\/p>\n<h2>PEC dos Precat\u00f3rios: Como ficam os credores<\/h2>\n<p>Apesar do al\u00edvio para os entes federados, especialistas chamam aten\u00e7\u00e3o para os impactos sociais. <strong>Dalmo Palmeira, mestre em Pol\u00edticas P\u00fablicas<\/strong>, lembra que os precat\u00f3rios s\u00e3o a\u00e7\u00f5es que tramitam por d\u00e9cadas at\u00e9 o reconhecimento do direito.\u00a0<\/p>\n<p>\u201cO problema \u00e9 que, agora que esses pagamentos deveriam ser feitos, uma PEC acaba adiando a quita\u00e7\u00e3o para uma data indefinida. Muitas pessoas entraram com o processo quando eram jovens e hoje j\u00e1 t\u00eam 70 anos ou mais. H\u00e1 um lado positivo, porque o adiamento ajuda a equilibrar as contas p\u00fablicas, mas h\u00e1 tamb\u00e9m um lado social delicado, porque muitos podem nunca ver esse dinheiro em vida\u201d, avalia Pereira.<\/p>\n<p>Com a promulga\u00e7\u00e3o, estados e munic\u00edpios ganham f\u00f4lego fiscal para reorganizar suas contas, enquanto a Uni\u00e3o abre espa\u00e7o no or\u00e7amento a partir de 2026. O desafio \u00e9 equilibrar esse al\u00edvio financeiro com o direito dos credores que aguardam h\u00e1 d\u00e9cadas pelo pagamento.<br \/>\n\u00a0<\/p>\n<p>\t\t\t\t\t\t\t\t\t<img loading=\"lazy\" decoding=\"async\" src=\"https:\/\/brasil61.com\/api\/v1\/serve_pixel\/17677\/84495\" alt=\"Pixel Brasil 61\" class=\"b61_pixel\" width=\"0\" height=\"0\"><\/p>\n<input type=\"hidden\" id=\"baseurl\" value=\"https:\/\/noticiasdestaque.com.br\"><input type=\"hidden\" id=\"audio_nonce\" value=\"62ca87eee3\">","protected":false},"excerpt":{"rendered":"<p>Medida retira gastos do teto a partir de 2026 e d\u00e1 f\u00f4lego \u00e0s contas de estados e munic\u00edpios, mas adia pagamentos a credores<\/p>\n","protected":false},"author":1,"featured_media":45812,"comment_status":"open","ping_status":"open","sticky":false,"template":"","format":"standard","meta":{"fifu_image_url":"","fifu_image_alt":"","footnotes":""},"categories":[59],"tags":[],"class_list":["post-45811","post","type-post","status-publish","format-standard","has-post-thumbnail","hentry","category-economia"],"distributor_meta":false,"distributor_terms":false,"distributor_media":false,"distributor_original_site_name":"Noticias em Destaque","distributor_original_site_url":"https:\/\/noticiasdestaque.com.br","push-errors":false,"_links":{"self":[{"href":"https:\/\/noticiasdestaque.com.br\/index.php\/wp-json\/wp\/v2\/posts\/45811","targetHints":{"allow":["GET"]}}],"collection":[{"href":"https:\/\/noticiasdestaque.com.br\/index.php\/wp-json\/wp\/v2\/posts"}],"about":[{"href":"https:\/\/noticiasdestaque.com.br\/index.php\/wp-json\/wp\/v2\/types\/post"}],"author":[{"embeddable":true,"href":"https:\/\/noticiasdestaque.com.br\/index.php\/wp-json\/wp\/v2\/users\/1"}],"replies":[{"embeddable":true,"href":"https:\/\/noticiasdestaque.com.br\/index.php\/wp-json\/wp\/v2\/comments?post=45811"}],"version-history":[{"count":0,"href":"https:\/\/noticiasdestaque.com.br\/index.php\/wp-json\/wp\/v2\/posts\/45811\/revisions"}],"wp:featuredmedia":[{"embeddable":true,"href":"https:\/\/noticiasdestaque.com.br\/index.php\/wp-json\/wp\/v2\/media\/45812"}],"wp:attachment":[{"href":"https:\/\/noticiasdestaque.com.br\/index.php\/wp-json\/wp\/v2\/media?parent=45811"}],"wp:term":[{"taxonomy":"category","embeddable":true,"href":"https:\/\/noticiasdestaque.com.br\/index.php\/wp-json\/wp\/v2\/categories?post=45811"},{"taxonomy":"post_tag","embeddable":true,"href":"https:\/\/noticiasdestaque.com.br\/index.php\/wp-json\/wp\/v2\/tags?post=45811"}],"curies":[{"name":"wp","href":"https:\/\/api.w.org\/{rel}","templated":true}]}}