{"id":45809,"date":"2025-09-10T04:25:00","date_gmt":"2025-09-10T07:25:00","guid":{"rendered":"https:\/\/noticiasdestaque.com.br\/index.php\/2025\/09\/10\/covid-19-brasil-registra-mais-244-mil-novos-casos-em-2025\/"},"modified":"2025-09-10T04:25:00","modified_gmt":"2025-09-10T07:25:00","slug":"covid-19-brasil-registra-mais-244-mil-novos-casos-em-2025","status":"publish","type":"post","link":"https:\/\/noticiasdestaque.com.br\/index.php\/2025\/09\/10\/covid-19-brasil-registra-mais-244-mil-novos-casos-em-2025\/","title":{"rendered":"Covid-19: Brasil registra mais 244 mil novos casos em 2025"},"content":{"rendered":"<p>\t\t\t\t\t\t\t\t\t\t<audio controls class=\"b61_audio_player\" data-noticia=\"84507\" src=\"https:\/\/brasil61.com\/rails\/active_storage\/blobs\/eyJfcmFpbHMiOnsibWVzc2FnZSI6IkJBaHBBNENZQXc9PSIsImV4cCI6bnVsbCwicHVyIjoiYmxvYl9pZCJ9fQ==--e1796332cab3ae3b69b7dc31e0c5319d59ea8361\/BRAS2514684B\"><\/audio><\/p>\n<p>O <strong>Brasil j\u00e1 soma, em 2025, mais de 244 mil casos novos de Covid-19 e 2 mil \u00f3bitos em decorr\u00eancia da doen\u00e7a<\/strong>. Os dados s\u00e3o do <a href=\"https:\/\/infoms.saude.gov.br\/extensions\/covid-19_html\/covid-19_html.html#\">painel <\/a>do <strong>Minist\u00e9rio da Sa\u00fade<\/strong>, com informa\u00e7\u00f5es repassadas pelas <strong>Secretarias Estaduais de Sa\u00fade<\/strong>. \u00a0<\/p>\n<p>Apenas na semana entre 24\u00a0a 30 de agosto\u00a0(<a href=\"https:\/\/portalsinan.saude.gov.br\/calendario-epidemiologico\">Semana epidemiol\u00f3gica 35<\/a>), <strong>foram notificados mais de 8 mil novos casos e 18 mortes em decorr\u00eancia da Covid-19<\/strong>. O <strong>n\u00famero de notifica\u00e7\u00f5es representa um aumento de\u00a070,9% em compara\u00e7\u00e3o ao per\u00edodo anterior <\/strong>(SE 34), quando foram registrados 4,7 mil novos casos.\u00a0<\/p>\n<p>O <strong>comportamento da pandemia permanece desigual entre as regi\u00f5es (ver tabela abaixo)<\/strong>. O Sudeste registrou 4,3 mil\u00a0novos casos e 13 mortes na SE 35. No Centro-Oeste, foram 1,5 mil\u00a0novos casos e duas mortes no mesmo per\u00edodo\u00a0<\/p>\n<p>J\u00e1 o Sul notificou 618 casos e dois \u00f3bitos. No Nordeste, os n\u00fameros foram mais baixos, com 411 casos e um \u00f3bito. No Norte, a semana trouxe 1,1 mil\u00a0novos casos, sem registro de mortes.<\/p>\n<table>\n<thead>\n<tr>\n<th>Regi\u00e3o<\/th>\n<th>Popula\u00e7\u00e3o<\/th>\n<th>Casos novos notificados<\/th>\n<th>Casos acumulados<\/th>\n<th>Incid\u00eancia Covid-19<\/th>\n<th>\u00d3bitos novos<\/th>\n<th>\u00d3bitos acumulados<\/th>\n<th>Taxa de mortalidade (100 mil hab.)<\/th>\n<\/tr>\n<\/thead>\n<tbody>\n<tr>\n<td>Sudeste<\/td>\n<td>88.371.433<\/td>\n<td>4.338<\/td>\n<td>15.738.754<\/td>\n<td>116,67<\/td>\n<td>13<\/td>\n<td>346.149<\/td>\n<td>1,55<\/td>\n<\/tr>\n<tr>\n<td>Centro-Oeste<\/td>\n<td>16.297.074<\/td>\n<td>1.523<\/td>\n<td>4.617.538<\/td>\n<td>257,70<\/td>\n<td>2<\/td>\n<td>67.347<\/td>\n<td>0,49<\/td>\n<\/tr>\n<tr>\n<td>Sul<\/td>\n<td>29.975.984<\/td>\n<td>618<\/td>\n<td>8.311.862<\/td>\n<td>70,13<\/td>\n<td>2<\/td>\n<td>113.590<\/td>\n<td>0,59<\/td>\n<\/tr>\n<tr>\n<td>Nordeste<\/td>\n<td>57.071.654<\/td>\n<td>411<\/td>\n<td>7.635.671<\/td>\n<td>86,18<\/td>\n<td>1<\/td>\n<td>137.296<\/td>\n<td>0,50<\/td>\n<\/tr>\n<tr>\n<td>Norte<\/td>\n<td>18.430.980<\/td>\n<td>1.180<\/td>\n<td>3.014.402<\/td>\n<td>159,40<\/td>\n<td>0<\/td>\n<td>52.244<\/td>\n<td>0,62<\/td>\n<\/tr>\n<\/tbody>\n<\/table>\n<p><a href=\"https:\/\/infoms.saude.gov.br\/extensions\/covid-19_html\/covid-19_html.html#\">Fonte: Minist\u00e9rio da Sa\u00fade<\/a><\/p>\n<h2>Infogripe<\/h2>\n<p dir=\"ltr\">A \u00faltima edi\u00e7\u00e3o do\u00a0<a href=\"https:\/\/brasil61.com\/n\/infogripe-de-casos-de-covid-19-aumentam-nas-regioes-centro-sul-e-nordeste-bras2514663\">boletim InfoGripe da Fiocruz<\/a>, tamb\u00e9m referente ao per\u00edodo de 24 a 30 de agosto, aponta um aumento nas notifica\u00e7\u00f5es de S\u00edndrome Respirat\u00f3ria Aguda Grave por Covid-19 nas regi\u00f5es Centro-Sul e Nordeste.<\/p>\n<p>A alta foi registrada no Distrito Federal e nos estados do Mato Grosso, S\u00e3o Paulo, Paran\u00e1, Minas Gerais,Piau\u00ed e Para\u00edba.<\/p>\n<p>Apesar do aumento de notifica\u00e7\u00f5es nestas localidades, o levantamento revela que o n\u00famero de novos casos de SRAG por Covid-19 ainda segue em n\u00edveis relativamente baixos nesses estados.<\/p>\n<h2>Vacina\u00e7\u00e3o<\/h2>\n<p>Especialistas chamam aten\u00e7\u00e3o para a queda da imunidade ao longo do tempo e a circula\u00e7\u00e3o de novas variantes. Segundo o infectologista Julival Ribeiro, a vacina\u00e7\u00e3o continua sendo fundamental para evitar hospitaliza\u00e7\u00f5es e mortes:<\/p>\n<p>\u201cVale lembrar que as pessoas devem tomar a vacina\u00e7\u00e3o para a Covid-19, sobretudo as pessoas com maior risco, como idosos, imunossuprimidos, pessoas com doen\u00e7as cr\u00f4nicas, porque essas pessoas t\u00eam uma maior probabilidade de desenvolver infec\u00e7\u00e3o \u00a0grave pelo v\u00edrus da Covid-19\u201d, afirmou.\u00a0<\/p>\n<p>Ribeiro alerta que al\u00e9m da vacina, os sintomas da COVID-19 confundem-se com gripe e resfriados, especialmente no grupo de risco. Nesses casos, a recomenda\u00e7\u00e3o \u00e9 procurar uma unidade de sa\u00fade para realizar exame laboratorial.<\/p>\n<p>\u201cVale salientar que, sobretudo no grupo de risco, as pessoas com s\u00edndrome gripal devem procurar \u00a0uma unidade de sa\u00fade para ver se est\u00e1 com a COVID-19, com resfriado ou mesmo com gripe, pois s\u00e3o sinais semelhantes e s\u00f3 atrav\u00e9s de um exame laboratorial a gente vai dizer qual realmente \u00e9 o diagn\u00f3stico.&#8221;<\/p>\n<p>Medidas b\u00e1sicas, como higienizar as m\u00e3os, usar m\u00e1scara em caso de sintomas e evitar aglomera\u00e7\u00f5es em locais fechados, continuam indicadas para reduzir o risco de novas transmiss\u00f5es.<\/p>\n<p>\t\t\t\t\t\t\t\t\t<img loading=\"lazy\" decoding=\"async\" src=\"https:\/\/brasil61.com\/api\/v1\/serve_pixel\/17677\/84507\" alt=\"Pixel Brasil 61\" class=\"b61_pixel\" width=\"0\" height=\"0\"><\/p>\n<input type=\"hidden\" id=\"baseurl\" value=\"https:\/\/noticiasdestaque.com.br\"><input type=\"hidden\" id=\"audio_nonce\" value=\"62ca87eee3\">","protected":false},"excerpt":{"rendered":"<p>Mesmo com n\u00fameros menores que nos picos da pandemia, o coronav\u00edrus segue circulando no Brasil; especialistas refor\u00e7am a import\u00e2ncia da vacina\u00e7\u00e3o e da preven\u00e7\u00e3o diante da queda da imunidade e surgimento de novas variantes<\/p>\n","protected":false},"author":1,"featured_media":45810,"comment_status":"open","ping_status":"open","sticky":false,"template":"","format":"standard","meta":{"fifu_image_url":"","fifu_image_alt":"","footnotes":""},"categories":[51],"tags":[],"class_list":["post-45809","post","type-post","status-publish","format-standard","has-post-thumbnail","hentry","category-saude"],"distributor_meta":false,"distributor_terms":false,"distributor_media":false,"distributor_original_site_name":"Noticias em Destaque","distributor_original_site_url":"https:\/\/noticiasdestaque.com.br","push-errors":false,"_links":{"self":[{"href":"https:\/\/noticiasdestaque.com.br\/index.php\/wp-json\/wp\/v2\/posts\/45809","targetHints":{"allow":["GET"]}}],"collection":[{"href":"https:\/\/noticiasdestaque.com.br\/index.php\/wp-json\/wp\/v2\/posts"}],"about":[{"href":"https:\/\/noticiasdestaque.com.br\/index.php\/wp-json\/wp\/v2\/types\/post"}],"author":[{"embeddable":true,"href":"https:\/\/noticiasdestaque.com.br\/index.php\/wp-json\/wp\/v2\/users\/1"}],"replies":[{"embeddable":true,"href":"https:\/\/noticiasdestaque.com.br\/index.php\/wp-json\/wp\/v2\/comments?post=45809"}],"version-history":[{"count":0,"href":"https:\/\/noticiasdestaque.com.br\/index.php\/wp-json\/wp\/v2\/posts\/45809\/revisions"}],"wp:featuredmedia":[{"embeddable":true,"href":"https:\/\/noticiasdestaque.com.br\/index.php\/wp-json\/wp\/v2\/media\/45810"}],"wp:attachment":[{"href":"https:\/\/noticiasdestaque.com.br\/index.php\/wp-json\/wp\/v2\/media?parent=45809"}],"wp:term":[{"taxonomy":"category","embeddable":true,"href":"https:\/\/noticiasdestaque.com.br\/index.php\/wp-json\/wp\/v2\/categories?post=45809"},{"taxonomy":"post_tag","embeddable":true,"href":"https:\/\/noticiasdestaque.com.br\/index.php\/wp-json\/wp\/v2\/tags?post=45809"}],"curies":[{"name":"wp","href":"https:\/\/api.w.org\/{rel}","templated":true}]}}