{"id":45777,"date":"2025-09-08T21:00:00","date_gmt":"2025-09-09T00:00:00","guid":{"rendered":"https:\/\/noticiasdestaque.com.br\/index.php\/2025\/09\/08\/ibovespa-tem-baixa-de-059-e-acima-dos-141-mil-pontos\/"},"modified":"2025-09-08T21:00:00","modified_gmt":"2025-09-09T00:00:00","slug":"ibovespa-tem-baixa-de-059-e-acima-dos-141-mil-pontos","status":"publish","type":"post","link":"https:\/\/noticiasdestaque.com.br\/index.php\/2025\/09\/08\/ibovespa-tem-baixa-de-059-e-acima-dos-141-mil-pontos\/","title":{"rendered":"Ibovespa tem baixa de 0,59% e acima dos 141 mil pontos"},"content":{"rendered":"<p>\t\t\t\t\t\t\t\t\t\t<audio controls class=\"b61_audio_player\" data-noticia=\"84486\" src=\"https:\/\/brasil61.com\/rails\/active_storage\/blobs\/eyJfcmFpbHMiOnsibWVzc2FnZSI6IkJBaHBBOENYQXc9PSIsImV4cCI6bnVsbCwicHVyIjoiYmxvYl9pZCJ9fQ==--b009125a2fd752a86aabd0c436c88278a4537f7e\/BRAS2514677A\"><\/audio><\/p>\n<p style=\"text-align: justify\">O <strong>Ibovespa\u00a0<\/strong>encerrou a \u00faltima sess\u00e3o em <strong>baixa\u00a0de 0,59%<\/strong>, aos<strong>\u00a0141.791\u00a0pontos<\/strong>.\u00a0<\/p>\n<p style=\"text-align: justify\">O destaque foi o julgamento do ex-presidente Jair Bolsonaro pelo STF. A rea\u00e7\u00e3o p\u00fablica e as declara\u00e7\u00f5es de l\u00edderes pol\u00edticos, como o governador Tarc\u00edsio de Freitas e o presidente do STF Lu\u00eds Roberto Barroso, mostram que o cen\u00e1rio pol\u00edtico ainda pesa na percep\u00e7\u00e3o de risco dos investidores.<\/p>\n<p style=\"text-align: justify\"><span style=\"text-align:justify\">Nos \u00faltimos dias, o Ibovespa vinha batendo recordes sucessivos, o que levou a um movimento natural de realiza\u00e7\u00e3o de lucros. Muitos investidores aproveitaram os ganhos recentes para ajustar posi\u00e7\u00f5es, pressionando o \u00edndice para baixo.<\/span><\/p>\n<p style=\"text-align: justify\"><span style=\"text-align:justify\">Al\u00e9m da corre\u00e7\u00e3o, a cautela \u00e9 refor\u00e7ada pela proximidade de importantes indicadores econ\u00f4micos: o IPCA no Brasil, na quarta-feira, e o dado de infla\u00e7\u00e3o nos EUA, na quinta-feira.\u00a0<\/span><\/p>\n<p>Confira as a\u00e7\u00f5es com melhor e pior desempenho no \u00faltimo preg\u00e3o:<\/p>\n<p><strong>A\u00e7\u00f5es em alta no Ibovespa<\/strong><\/p>\n<ul>\n<li><strong>Azul\u00a0(AZUL4):<\/strong> +31,30%<\/li>\n<li><strong>Padtec Holding (PDTC3):<\/strong> +12,50%<\/li>\n<\/ul>\n<p><strong>A\u00e7\u00f5es em queda no Ibovespa<\/strong><\/p>\n<ul>\n<li><strong>Cia Celg de Participa\u00e7\u00f5es (GPAR3):<\/strong> -34,28%<\/li>\n<li><strong>Banco do Estado de Sergipe (BG1P3):<\/strong> -13,95%\u00a0<\/li>\n<\/ul>\n<h2>Volume negociado na B3\u00a0<\/h2>\n<p>O volume financeiro total negociado na B3 nesta sess\u00e3o foi de R$ 16,7\u00a0bilh\u00f5es.\u00a0<\/p>\n<h2>O que \u00e9 o Ibovespa e como ele funciona<\/h2>\n<p>O<strong> Ibovespa \u00e9 o principal term\u00f4metro do mercado acion\u00e1rio brasileiro <\/strong>calculado pela B3 com base em uma carteira te\u00f3rica que re\u00fane os pap\u00e9is mais negociados da bolsa. Essa composi\u00e7\u00e3o considera crit\u00e9rios de volume e liquidez, englobando aproximadamente 80% de todo o movimento financeiro di\u00e1rio negociado no mercado \u00e0 vista.<\/p>\n<h2>O que \u00e9 a B3, a bolsa de valores do Brasil?<\/h2>\n<p>A <strong>B3 \u2013 Brasil, Bolsa, Balc\u00e3o \u00e9 a principal bolsa de valores do Brasil, com sede em S\u00e3o Paulo<\/strong>. Ela atua como plataforma oficial para a negocia\u00e7\u00e3o de a\u00e7\u00f5es, derivativos, t\u00edtulos p\u00fablicos e privados, c\u00e2mbio, entre outros ativos.<\/p>\n<p>Como uma das maiores bolsas globais em termos de infraestrutura e valor de mercado, a B3 oferece servi\u00e7os completos que v\u00e3o desde a negocia\u00e7\u00e3o at\u00e9 o p\u00f3s-negocia\u00e7\u00e3o, registro, cust\u00f3dia e infraestrutura tecnol\u00f3gica robusta.<\/p>\n<p>Com informa\u00e7\u00f5es da <a href=\"https:\/\/www.b3.com.br\/pt_br\/institucional\">B3<\/a>.\u00a0<\/p>\n<p>\t\t\t\t\t\t\t\t\t<img loading=\"lazy\" decoding=\"async\" src=\"https:\/\/brasil61.com\/api\/v1\/serve_pixel\/17677\/84486\" alt=\"Pixel Brasil 61\" class=\"b61_pixel\" width=\"0\" height=\"0\"><\/p>\n<input type=\"hidden\" id=\"baseurl\" value=\"https:\/\/noticiasdestaque.com.br\"><input type=\"hidden\" id=\"audio_nonce\" value=\"6f73a554f1\">","protected":false},"excerpt":{"rendered":"<p>Azul e Padtec Holding lideram ganhos do dia, enquanto Cia Celg de Participa\u00e7\u00f5es e Banco do Estado de Sergipe registram as maiores quedas<\/p>\n","protected":false},"author":1,"featured_media":45778,"comment_status":"open","ping_status":"open","sticky":false,"template":"","format":"standard","meta":{"fifu_image_url":"","fifu_image_alt":"","footnotes":""},"categories":[59],"tags":[],"class_list":["post-45777","post","type-post","status-publish","format-standard","has-post-thumbnail","hentry","category-economia"],"distributor_meta":false,"distributor_terms":false,"distributor_media":false,"distributor_original_site_name":"Noticias em Destaque","distributor_original_site_url":"https:\/\/noticiasdestaque.com.br","push-errors":false,"_links":{"self":[{"href":"https:\/\/noticiasdestaque.com.br\/index.php\/wp-json\/wp\/v2\/posts\/45777","targetHints":{"allow":["GET"]}}],"collection":[{"href":"https:\/\/noticiasdestaque.com.br\/index.php\/wp-json\/wp\/v2\/posts"}],"about":[{"href":"https:\/\/noticiasdestaque.com.br\/index.php\/wp-json\/wp\/v2\/types\/post"}],"author":[{"embeddable":true,"href":"https:\/\/noticiasdestaque.com.br\/index.php\/wp-json\/wp\/v2\/users\/1"}],"replies":[{"embeddable":true,"href":"https:\/\/noticiasdestaque.com.br\/index.php\/wp-json\/wp\/v2\/comments?post=45777"}],"version-history":[{"count":0,"href":"https:\/\/noticiasdestaque.com.br\/index.php\/wp-json\/wp\/v2\/posts\/45777\/revisions"}],"wp:featuredmedia":[{"embeddable":true,"href":"https:\/\/noticiasdestaque.com.br\/index.php\/wp-json\/wp\/v2\/media\/45778"}],"wp:attachment":[{"href":"https:\/\/noticiasdestaque.com.br\/index.php\/wp-json\/wp\/v2\/media?parent=45777"}],"wp:term":[{"taxonomy":"category","embeddable":true,"href":"https:\/\/noticiasdestaque.com.br\/index.php\/wp-json\/wp\/v2\/categories?post=45777"},{"taxonomy":"post_tag","embeddable":true,"href":"https:\/\/noticiasdestaque.com.br\/index.php\/wp-json\/wp\/v2\/tags?post=45777"}],"curies":[{"name":"wp","href":"https:\/\/api.w.org\/{rel}","templated":true}]}}