{"id":45767,"date":"2025-09-08T04:10:00","date_gmt":"2025-09-08T07:10:00","guid":{"rendered":"https:\/\/noticiasdestaque.com.br\/index.php\/2025\/09\/08\/ldo-votacao-na-comissao-mista-de-orcamento-deve-ocorrer-nesta-semana\/"},"modified":"2025-09-08T04:10:00","modified_gmt":"2025-09-08T07:10:00","slug":"ldo-votacao-na-comissao-mista-de-orcamento-deve-ocorrer-nesta-semana","status":"publish","type":"post","link":"https:\/\/noticiasdestaque.com.br\/index.php\/2025\/09\/08\/ldo-votacao-na-comissao-mista-de-orcamento-deve-ocorrer-nesta-semana\/","title":{"rendered":"LDO: vota\u00e7\u00e3o na Comiss\u00e3o Mista de Or\u00e7amento deve ocorrer nesta semana"},"content":{"rendered":"<p>\t\t\t\t\t\t\t\t\t\t<audio controls class=\"b61_audio_player\" data-noticia=\"84440\" src=\"https:\/\/brasil61.com\/rails\/active_storage\/blobs\/eyJfcmFpbHMiOnsibWVzc2FnZSI6IkJBaHBBOGVXQXc9PSIsImV4cCI6bnVsbCwicHVyIjoiYmxvYl9pZCJ9fQ==--0384f2d68f4c0603710561c630087eacddf34820\/BRAS2514661A\"><\/audio><\/p>\n<p><!--StartFragment -->A vota\u00e7\u00e3o da <strong>Lei de Diretrizes Or\u00e7ament\u00e1rias (LDO) de 2026<\/strong> deve ocorrer nesta semana, na <strong>Comiss\u00e3o Mista de Or\u00e7amento (CMO)<\/strong>. O relator do projeto (<a href=\"https:\/\/www.congressonacional.leg.br\/materias\/pesquisa\/-\/materia\/168120\">PLN 2\/2025<\/a>), deputado Gerv\u00e1sio Maia (PSB-PB), pediu mais tempo para finalizar o parecer, em raz\u00e3o do aumento do n\u00famero de emendas apresentadas. Neste ano, j\u00e1 foram registradas 2,4 mil\u00a0emendas, sendo que no ano passado totalizou 1,4 mil.<\/p>\n<p>Segundo o presidente da CMO, senador Efraim Filho (Uni\u00e3o-PB), o <strong>adiamento n\u00e3o compromete o andamento da proposta<\/strong>. Ele destacou que ainda n\u00e3o h\u00e1 data marcada para a vota\u00e7\u00e3o do texto pelo Congresso Nacional. \u201c\u00c9 pertinente que o deputado fa\u00e7a uma apresenta\u00e7\u00e3o tamb\u00e9m do relat\u00f3rio da LDO no Col\u00e9gio de L\u00edderes, para que possa embasar e construir todos os acordos em face da aprova\u00e7\u00e3o, que \u00e9 mais importante. Ent\u00e3o, n\u00e3o tem fundamento apressar de forma s\u00f3 dada uma apresenta\u00e7\u00e3o de um relat\u00f3rio com um n\u00famero t\u00e3o grande de emendas, se n\u00e3o h\u00e1 ainda uma data prevista para a vota\u00e7\u00e3o na sess\u00e3o do Congresso Nacional\u201d, afirmou.<\/p>\n<h2>Emendas parlamentares e meta fiscal<\/h2>\n<p>O relator lembrou que <strong>a vota\u00e7\u00e3o do Or\u00e7amento precisa ocorrer at\u00e9 o fim do ano para n\u00e3o atrasar o pagamento das emendas parlamentares<\/strong>, cuja libera\u00e7\u00e3o pode levar at\u00e9 180 dias. \u201cNo ano que vem tem calend\u00e1rio eleitoral. Se considerarmos os 180 dias, as emendas s\u00f3 estar\u00e3o aptas para pagamento a partir de junho. Isso se o governo cumprir todos os prazos previstos em lei\u201d, alertou Maia.<\/p>\n<p>Entre as propostas em discuss\u00e3o, <strong>algumas miram a meta fiscal<\/strong>. Hoje, o <strong>governo prev\u00ea um super\u00e1vit de R$ 34,3 bilh\u00f5es em 2026<\/strong>. O deputado Chico Alencar (PSOL-RJ), por exemplo, defende alterar a meta para d\u00e9ficit no mesmo valor, alegando que o objetivo atual \u00e9 \u201cmuito r\u00edgido\u201d.<\/p>\n<h2>Cr\u00e9ditos adicionais aprovados<\/h2>\n<p>Na mesma reuni\u00e3o, a CMO aprovou cinco Projetos de Lei do Congresso Nacional (PLNs), que somam R$ 717,5 milh\u00f5es em cr\u00e9ditos adicionais ao Or\u00e7amento de 2025. Entre eles, o destaque foi o PLN 5\/2025, que abre cr\u00e9dito suplementar de R$ 686 milh\u00f5es para o Minist\u00e9rio da Educa\u00e7\u00e3o complementar o or\u00e7amento do programa P\u00e9-de-Meia.<\/p>\n<p>Tamb\u00e9m foram aprovados:<\/p>\n<ul>\n<li><strong>PLN 7\/2025:<\/strong> cr\u00e9dito especial de <strong>R$ 4,7 milh\u00f5es<\/strong> para reformas em pr\u00e9dios das Justi\u00e7as Eleitoral e do Trabalho;<\/li>\n<li><strong>PLN 8\/2025:<\/strong> cr\u00e9dito especial de <strong>R$ 23 milh\u00f5es<\/strong> para novas programa\u00e7\u00f5es em \u00f3rg\u00e3os como Presid\u00eancia da Rep\u00fablica, Educa\u00e7\u00e3o, Transportes, Portos e Povos Ind\u00edgenas;<\/li>\n<li><strong>PLN 9\/2025: <\/strong>cr\u00e9dito especial de <strong>R$ 500 mil <\/strong>para despesas de \u201cretribui\u00e7\u00e3o no exterior\u201d de servidores da Presid\u00eancia;<\/li>\n<li><strong>PLN 11\/2025: <\/strong>cr\u00e9dito suplementar de <strong>R$ 3,3 milh\u00f5es<\/strong> para investimentos da Petrobras Biocombust\u00edvel.<\/li>\n<\/ul>\n<h2>Or\u00e7amento Anual<\/h2>\n<p>Al\u00e9m da <strong>LDO, a CMO j\u00e1 come\u00e7ou a discutir sobre o Projeto de Lei Or\u00e7ament\u00e1ria Anual (PLOA) de 2026<\/strong>. De acordo com Efraim Filho, 16 relatorias setoriais j\u00e1 foram definidas e os parlamentares trabalham para manter o cronograma em dia. \u201cOs relatores setoriais j\u00e1 se debru\u00e7am sobre o tema da PELOA, para que a gente consiga manter, preservar e recuperar, na verdade, o cronograma atual, colocar nos trilhos a vota\u00e7\u00e3o do or\u00e7amento e encerrar o ano legislativo, em dezembro, com a vota\u00e7\u00e3o do OGU <em>[Or\u00e7amento Geral da Uni\u00e3o] <\/em>2026\u201d, disse o presidente da comiss\u00e3o.<\/p>\n<p><!--EndFragment --><\/p>\n<p>\t\t\t\t\t\t\t\t\t<img loading=\"lazy\" decoding=\"async\" src=\"https:\/\/brasil61.com\/api\/v1\/serve_pixel\/17677\/84440\" alt=\"Pixel Brasil 61\" class=\"b61_pixel\" width=\"0\" height=\"0\"><\/p>\n<input type=\"hidden\" id=\"baseurl\" value=\"https:\/\/noticiasdestaque.com.br\"><input type=\"hidden\" id=\"audio_nonce\" value=\"6a24ca502e\">","protected":false},"excerpt":{"rendered":"<p>Relator pede mais tempo para concluir o parecer. Emendas parlamentares e meta fiscal de 2026 est\u00e3o no centro do debate<\/p>\n","protected":false},"author":1,"featured_media":45768,"comment_status":"open","ping_status":"open","sticky":false,"template":"","format":"standard","meta":{"fifu_image_url":"","fifu_image_alt":"","footnotes":""},"categories":[50],"tags":[],"class_list":["post-45767","post","type-post","status-publish","format-standard","has-post-thumbnail","hentry","category-politica"],"distributor_meta":false,"distributor_terms":false,"distributor_media":false,"distributor_original_site_name":"Noticias em Destaque","distributor_original_site_url":"https:\/\/noticiasdestaque.com.br","push-errors":false,"_links":{"self":[{"href":"https:\/\/noticiasdestaque.com.br\/index.php\/wp-json\/wp\/v2\/posts\/45767","targetHints":{"allow":["GET"]}}],"collection":[{"href":"https:\/\/noticiasdestaque.com.br\/index.php\/wp-json\/wp\/v2\/posts"}],"about":[{"href":"https:\/\/noticiasdestaque.com.br\/index.php\/wp-json\/wp\/v2\/types\/post"}],"author":[{"embeddable":true,"href":"https:\/\/noticiasdestaque.com.br\/index.php\/wp-json\/wp\/v2\/users\/1"}],"replies":[{"embeddable":true,"href":"https:\/\/noticiasdestaque.com.br\/index.php\/wp-json\/wp\/v2\/comments?post=45767"}],"version-history":[{"count":0,"href":"https:\/\/noticiasdestaque.com.br\/index.php\/wp-json\/wp\/v2\/posts\/45767\/revisions"}],"wp:featuredmedia":[{"embeddable":true,"href":"https:\/\/noticiasdestaque.com.br\/index.php\/wp-json\/wp\/v2\/media\/45768"}],"wp:attachment":[{"href":"https:\/\/noticiasdestaque.com.br\/index.php\/wp-json\/wp\/v2\/media?parent=45767"}],"wp:term":[{"taxonomy":"category","embeddable":true,"href":"https:\/\/noticiasdestaque.com.br\/index.php\/wp-json\/wp\/v2\/categories?post=45767"},{"taxonomy":"post_tag","embeddable":true,"href":"https:\/\/noticiasdestaque.com.br\/index.php\/wp-json\/wp\/v2\/tags?post=45767"}],"curies":[{"name":"wp","href":"https:\/\/api.w.org\/{rel}","templated":true}]}}