{"id":45765,"date":"2025-09-08T04:05:00","date_gmt":"2025-09-08T07:05:00","guid":{"rendered":"https:\/\/noticiasdestaque.com.br\/index.php\/2025\/09\/08\/congresso-inicia-semana-com-foco-em-anistia-reforma-administrativa-e-orcamento\/"},"modified":"2025-09-08T04:05:00","modified_gmt":"2025-09-08T07:05:00","slug":"congresso-inicia-semana-com-foco-em-anistia-reforma-administrativa-e-orcamento","status":"publish","type":"post","link":"https:\/\/noticiasdestaque.com.br\/index.php\/2025\/09\/08\/congresso-inicia-semana-com-foco-em-anistia-reforma-administrativa-e-orcamento\/","title":{"rendered":"Congresso inicia semana com foco em anistia, reforma administrativa e or\u00e7amento"},"content":{"rendered":"<p>\t\t\t\t\t\t\t\t\t\t<audio controls class=\"b61_audio_player\" data-noticia=\"84437\" src=\"https:\/\/brasil61.com\/rails\/active_storage\/blobs\/eyJfcmFpbHMiOnsibWVzc2FnZSI6IkJBaHBBOU9XQXc9PSIsImV4cCI6bnVsbCwicHVyIjoiYmxvYl9pZCJ9fQ==--f382701e406a60229fd8f80e8937364b0cf463d3\/BRAS2514660A\"><\/audio><\/p>\n<p>O <strong>julgamento do ex-presidente Jair Bolsonaro e de outros acusados de tentativa de golpe de Estado no Supremo Tribunal Federal intensificou as discuss\u00f5es sobre as propostas de anistia no Congresso Nacional. <\/strong>O presidente da C\u00e2mara, Hugo Motta (Republicanos-PB), admitiu, na semana, passada que a press\u00e3o para votar o texto cresceu. Enquanto o deputado S\u00f3stenes Cavalcante (PL-RJ) afirma\u00a0que o projeto prev\u00ea perd\u00e3o a todos os envolvidos, incluindo Bolsonaro, a oposi\u00e7\u00e3o defende que a an\u00e1lise ocorra apenas ap\u00f3s a conclus\u00e3o do julgamento no STF.<\/p>\n<p>No Senado, o presidente Davi Alcolumbre (Uni\u00e3o-AP) articula uma alternativa mais restrita, que reduziria penas apenas de participantes dos atos de 8 de janeiro, sem beneficiar financiadores e organizadores.<\/p>\n<h2>Reforma administrativa<\/h2>\n<p>Na C\u00e2mara, seguem os trabalhos do grupo de trabalho sobre a Reforma Administrativa, coordenado pelo deputado Pedro Paulo (PSD-RJ). O colegiado j\u00e1 fez 17 audi\u00eancias p\u00fablicas e recebeu mais de 200 contribui\u00e7\u00f5es de entidades. O presidente da C\u00e2mara, Hugo Motta, refor\u00e7ou que o tema \u00e9 prioridade neste semestre e defendeu que a proposta representa um pacto pelo futuro, buscando um Estado mais eficiente e justo.<\/p>\n<h2>PEC da Seguran\u00e7a P\u00fablica e projeto sobre aumento de penas<\/h2>\n<p>A <strong>PEC da Seguran\u00e7a P\u00fablica (PEC 18\/25) avan\u00e7a na C\u00e2mara. <\/strong>O deputado Aluisio Mendes (Republicanos-MA) foi escolhido presidente da comiss\u00e3o especial e Mendon\u00e7a Filho (Uni\u00e3o-PE), relator. A proposta, que j\u00e1 foi aprovada na CCJ, ter\u00e1 at\u00e9 40 sess\u00f5es para ser votada no colegiado. Para passar pelo Plen\u00e1rio, precisa do apoio de tr\u00eas quintos dos deputados, em dois turnos, antes de seguir para o Senado. O texto busca estruturar o Sistema \u00danico de Seguran\u00e7a P\u00fablica e constitucionalizar fundos voltados ao setor.<\/p>\n<p>E depois de passar pela C\u00e2mara na semana passada, chega ao Senado, o <strong>projeto que cria o crime qualificado de furto ou roubo de petr\u00f3leo, g\u00e1s natural e outros combust\u00edveis. <\/strong>As penas variam de 4 a 10 anos de pris\u00e3o, com agravantes em casos de participa\u00e7\u00e3o de grupos, uso de explosivos, danos ambientais ou risco de desabastecimento.<\/p>\n<h2>CPMI do INSS<\/h2>\n<p>A <strong>CPMI que investiga fraudes no Instituto Nacional do Seguro Social ter\u00e1 como destaque a oitiva de Ant\u00f4nio Carlos Camilo Antunes, conhecido como \u201cCareca do INSS\u201d<\/strong>. Ele \u00e9 apontado como um dos principais articuladores do esquema de descontos indevidos em benef\u00edcios previdenci\u00e1rios, que teria causado preju\u00edzo de R$ 6,3 bilh\u00f5es entre 2019 e 2024. Al\u00e9m disso, a comiss\u00e3o aprovou a convoca\u00e7\u00e3o de ex-ministros da Previd\u00eancia e de dez ex-presidentes do INSS para prestar esclarecimentos.<\/p>\n<h2>Lei Or\u00e7ament\u00e1ria Anual<\/h2>\n<p>Na Comiss\u00e3o Mista de Or\u00e7amento, inicia-se a an\u00e1lise do <strong>Projeto de Lei Or\u00e7ament\u00e1ria Anual (PLOA) de 2026<\/strong>. O relator ser\u00e1 o deputado Isnaldo Bulh\u00f5es Jr. (MDB-AL), e o colegiado \u00e9 presidido pelo senador Efraim Filho (Uni\u00e3o-PB). O calend\u00e1rio inclui audi\u00eancias p\u00fablicas, apresenta\u00e7\u00e3o de emendas e elabora\u00e7\u00e3o de relat\u00f3rios setoriais antes da vota\u00e7\u00e3o do texto final. Pela Constitui\u00e7\u00e3o, a proposta precisa ser aprovada pelo Congresso e enviada \u00e0 san\u00e7\u00e3o presidencial at\u00e9 22 de dezembro.<br \/>\n\u00a0<\/p>\n<p>\t\t\t\t\t\t\t\t\t<img loading=\"lazy\" decoding=\"async\" src=\"https:\/\/brasil61.com\/api\/v1\/serve_pixel\/17677\/84437\" alt=\"Pixel Brasil 61\" class=\"b61_pixel\" width=\"0\" height=\"0\"><\/p>\n<input type=\"hidden\" id=\"baseurl\" value=\"https:\/\/noticiasdestaque.com.br\"><input type=\"hidden\" id=\"audio_nonce\" value=\"6a24ca502e\">","protected":false},"excerpt":{"rendered":"<p>Avan\u00e7o do julgamento no Supremo sobre acusados de tentativa de golpe d\u00e1 novo f\u00f4lego \u00e0 pauta da anistia no Legislativo; parlamentares tamb\u00e9m debatem reforma administrativa, PEC da Seguran\u00e7a P\u00fablica e PLOA 2026<\/p>\n","protected":false},"author":1,"featured_media":45766,"comment_status":"open","ping_status":"open","sticky":false,"template":"","format":"standard","meta":{"fifu_image_url":"","fifu_image_alt":"","footnotes":""},"categories":[50],"tags":[],"class_list":["post-45765","post","type-post","status-publish","format-standard","has-post-thumbnail","hentry","category-politica"],"distributor_meta":false,"distributor_terms":false,"distributor_media":false,"distributor_original_site_name":"Noticias em Destaque","distributor_original_site_url":"https:\/\/noticiasdestaque.com.br","push-errors":false,"_links":{"self":[{"href":"https:\/\/noticiasdestaque.com.br\/index.php\/wp-json\/wp\/v2\/posts\/45765","targetHints":{"allow":["GET"]}}],"collection":[{"href":"https:\/\/noticiasdestaque.com.br\/index.php\/wp-json\/wp\/v2\/posts"}],"about":[{"href":"https:\/\/noticiasdestaque.com.br\/index.php\/wp-json\/wp\/v2\/types\/post"}],"author":[{"embeddable":true,"href":"https:\/\/noticiasdestaque.com.br\/index.php\/wp-json\/wp\/v2\/users\/1"}],"replies":[{"embeddable":true,"href":"https:\/\/noticiasdestaque.com.br\/index.php\/wp-json\/wp\/v2\/comments?post=45765"}],"version-history":[{"count":0,"href":"https:\/\/noticiasdestaque.com.br\/index.php\/wp-json\/wp\/v2\/posts\/45765\/revisions"}],"wp:featuredmedia":[{"embeddable":true,"href":"https:\/\/noticiasdestaque.com.br\/index.php\/wp-json\/wp\/v2\/media\/45766"}],"wp:attachment":[{"href":"https:\/\/noticiasdestaque.com.br\/index.php\/wp-json\/wp\/v2\/media?parent=45765"}],"wp:term":[{"taxonomy":"category","embeddable":true,"href":"https:\/\/noticiasdestaque.com.br\/index.php\/wp-json\/wp\/v2\/categories?post=45765"},{"taxonomy":"post_tag","embeddable":true,"href":"https:\/\/noticiasdestaque.com.br\/index.php\/wp-json\/wp\/v2\/tags?post=45765"}],"curies":[{"name":"wp","href":"https:\/\/api.w.org\/{rel}","templated":true}]}}