{"id":45763,"date":"2025-09-07T18:40:00","date_gmt":"2025-09-07T21:40:00","guid":{"rendered":"https:\/\/noticiasdestaque.com.br\/index.php\/2025\/09\/07\/previsao-do-tempo-segunda-feira-8-com-fortes-chuvas-no-sul\/"},"modified":"2025-09-07T18:40:00","modified_gmt":"2025-09-07T21:40:00","slug":"previsao-do-tempo-segunda-feira-8-com-fortes-chuvas-no-sul","status":"publish","type":"post","link":"https:\/\/noticiasdestaque.com.br\/index.php\/2025\/09\/07\/previsao-do-tempo-segunda-feira-8-com-fortes-chuvas-no-sul\/","title":{"rendered":"PREVIS\u00c3O DO TEMPO: segunda-feira (8) com fortes chuvas no Sul"},"content":{"rendered":"<p>\t\t\t\t\t\t\t\t\t\t<audio controls class=\"b61_audio_player\" data-noticia=\"84438\" src=\"https:\/\/brasil61.com\/rails\/active_storage\/blobs\/eyJfcmFpbHMiOnsibWVzc2FnZSI6IkJBaHBBOENXQXc9PSIsImV4cCI6bnVsbCwicHVyIjoiYmxvYl9pZCJ9fQ==--ee9afdd1076b007a8179c3ee42c42c6f720c8b7b\/PTRS254057A\"><\/audio><\/p>\n<p>A <strong>previs\u00e3o do tempo para esta segunda-feira (8) <\/strong>\u00e9 de tempo nublado com pancadas de chuva acompanhadas por trovoadas isoladas no <strong>Paran\u00e1, Santa Catarina<\/strong> e grande parte\u00a0<strong>Rio Grande do Sul<\/strong>. Sem previs\u00e3o de chuva apenas para o sudeste e o sudoeste ga\u00facho.<\/p>\n<p>Entre as capitais, a temperatura m\u00ednima prevista \u00e9 de 12\u00b0C, em Curitiba. J\u00e1 a m\u00e1xima pode chegar a 20\u00b0C, tamb\u00e9m em Curitiba. A umidade relativa do ar varia entre 50% e 100%.\u00a0<\/p>\n<p>As informa\u00e7\u00f5es s\u00e3o do <strong>Instituto Nacional de Meteorologia (<a href=\"https:\/\/portal.inmet.gov.br\/\" target=\"_blank\">Inmet<\/a>)<\/strong>. \u00a0<\/p>\n<p>\u00a0<\/p>\n<p>\t\t\t\t\t\t\t\t\t<img loading=\"lazy\" decoding=\"async\" src=\"https:\/\/brasil61.com\/api\/v1\/serve_pixel\/17677\/84438\" alt=\"Pixel Brasil 61\" class=\"b61_pixel\" width=\"0\" height=\"0\"><\/p>\n<input type=\"hidden\" id=\"baseurl\" value=\"https:\/\/noticiasdestaque.com.br\"><input type=\"hidden\" id=\"audio_nonce\" value=\"6a24ca502e\">","protected":false},"excerpt":{"rendered":"<p>Entre as capitais, a temperatura m\u00ednima prevista \u00e9 de 12\u00b0C, em Curitiba. J\u00e1 a m\u00e1xima pode chegar a 20\u00b0C, tamb\u00e9m em Curitiba. A umidade relativa do ar varia entre 50% e 100%.\u00a0<\/p>\n","protected":false},"author":1,"featured_media":45764,"comment_status":"open","ping_status":"open","sticky":false,"template":"","format":"standard","meta":{"fifu_image_url":"","fifu_image_alt":"","footnotes":""},"categories":[58],"tags":[],"class_list":["post-45763","post","type-post","status-publish","format-standard","has-post-thumbnail","hentry","category-cotidiano"],"distributor_meta":false,"distributor_terms":false,"distributor_media":false,"distributor_original_site_name":"Noticias em Destaque","distributor_original_site_url":"https:\/\/noticiasdestaque.com.br","push-errors":false,"_links":{"self":[{"href":"https:\/\/noticiasdestaque.com.br\/index.php\/wp-json\/wp\/v2\/posts\/45763","targetHints":{"allow":["GET"]}}],"collection":[{"href":"https:\/\/noticiasdestaque.com.br\/index.php\/wp-json\/wp\/v2\/posts"}],"about":[{"href":"https:\/\/noticiasdestaque.com.br\/index.php\/wp-json\/wp\/v2\/types\/post"}],"author":[{"embeddable":true,"href":"https:\/\/noticiasdestaque.com.br\/index.php\/wp-json\/wp\/v2\/users\/1"}],"replies":[{"embeddable":true,"href":"https:\/\/noticiasdestaque.com.br\/index.php\/wp-json\/wp\/v2\/comments?post=45763"}],"version-history":[{"count":0,"href":"https:\/\/noticiasdestaque.com.br\/index.php\/wp-json\/wp\/v2\/posts\/45763\/revisions"}],"wp:featuredmedia":[{"embeddable":true,"href":"https:\/\/noticiasdestaque.com.br\/index.php\/wp-json\/wp\/v2\/media\/45764"}],"wp:attachment":[{"href":"https:\/\/noticiasdestaque.com.br\/index.php\/wp-json\/wp\/v2\/media?parent=45763"}],"wp:term":[{"taxonomy":"category","embeddable":true,"href":"https:\/\/noticiasdestaque.com.br\/index.php\/wp-json\/wp\/v2\/categories?post=45763"},{"taxonomy":"post_tag","embeddable":true,"href":"https:\/\/noticiasdestaque.com.br\/index.php\/wp-json\/wp\/v2\/tags?post=45763"}],"curies":[{"name":"wp","href":"https:\/\/api.w.org\/{rel}","templated":true}]}}