{"id":45759,"date":"2025-09-07T18:20:00","date_gmt":"2025-09-07T21:20:00","guid":{"rendered":"https:\/\/noticiasdestaque.com.br\/index.php\/2025\/09\/07\/previsao-do-tempo-segunda-feira-8-sem-chuvas-em-grande-parte-do-sudeste\/"},"modified":"2025-09-07T18:20:00","modified_gmt":"2025-09-07T21:20:00","slug":"previsao-do-tempo-segunda-feira-8-sem-chuvas-em-grande-parte-do-sudeste","status":"publish","type":"post","link":"https:\/\/noticiasdestaque.com.br\/index.php\/2025\/09\/07\/previsao-do-tempo-segunda-feira-8-sem-chuvas-em-grande-parte-do-sudeste\/","title":{"rendered":"PREVIS\u00c3O DO TEMPO: segunda-feira (8) sem chuvas em grande parte do Sudeste"},"content":{"rendered":"<p>\t\t\t\t\t\t\t\t\t\t<audio controls class=\"b61_audio_player\" data-noticia=\"84434\" src=\"https:\/\/brasil61.com\/rails\/active_storage\/blobs\/eyJfcmFpbHMiOnsibWVzc2FnZSI6IkJBaHBBOEtXQXc9PSIsImV4cCI6bnVsbCwicHVyIjoiYmxvYl9pZCJ9fQ==--356bf2fd71ac480cdfe41b4f3664c4b6f1720279\/PTSD254181A\"><\/audio><\/p>\n<p>A<strong> previs\u00e3o do tempo para esta segunda-feira (8) <\/strong>\u00e9 de sol na maior parte dos estados do <strong>Sudeste<\/strong>. O tempo segue aberto em \u00e1reas de Minas Gerais, Esp\u00edrito Santo e interior de S\u00e3o Paulo. No Rio de Janeiro e no litoral paulista, o dia ter\u00e1 varia\u00e7\u00e3o entre muitas e poucas nuvens. Pancadas de chuva s\u00e3o esperadas apenas nas microrregi\u00f5es paulistas de\u00a0Cap\u00e3o Bonito,\u00a0Itapeva,\u00a0Registro e\u00a0Itanha\u00e9m.<\/p>\n<p>Entre as capitais, a temperatura m\u00ednima prevista \u00e9 de 15\u00b0C, em Belo Horizonte e S\u00e3o Paulo. J\u00e1 a m\u00e1xima pode chegar a 28\u00b0C nas mesmas capitais. A umidade relativa do ar varia entre 25% e 100%.\u00a0<\/p>\n<p>As informa\u00e7\u00f5es s\u00e3o do <strong>Instituto Nacional de Meteorologia (<a href=\"https:\/\/portal.inmet.gov.br\/\" target=\"_blank\">Inmet<\/a>)<\/strong>.<\/p>\n<p>\n\u00a0<\/p>\n<p>\t\t\t\t\t\t\t\t\t<img loading=\"lazy\" decoding=\"async\" src=\"https:\/\/brasil61.com\/api\/v1\/serve_pixel\/17677\/84434\" alt=\"Pixel Brasil 61\" class=\"b61_pixel\" width=\"0\" height=\"0\"><\/p>\n<input type=\"hidden\" id=\"baseurl\" value=\"https:\/\/noticiasdestaque.com.br\"><input type=\"hidden\" id=\"audio_nonce\" value=\"6f73a554f1\">","protected":false},"excerpt":{"rendered":"<p>Entre as capitais, a temperatura m\u00ednima prevista \u00e9 de 15\u00b0C, em Belo Horizonte e Vit\u00f3ria. J\u00e1 a m\u00e1xima pode chegar a 28\u00b0C nas mesmas capitais. A umidade relativa do ar varia entre 25% e 100%.\u00a0<\/p>\n","protected":false},"author":1,"featured_media":45760,"comment_status":"open","ping_status":"open","sticky":false,"template":"","format":"standard","meta":{"fifu_image_url":"","fifu_image_alt":"","footnotes":""},"categories":[58],"tags":[],"class_list":["post-45759","post","type-post","status-publish","format-standard","has-post-thumbnail","hentry","category-cotidiano"],"distributor_meta":false,"distributor_terms":false,"distributor_media":false,"distributor_original_site_name":"Noticias em Destaque","distributor_original_site_url":"https:\/\/noticiasdestaque.com.br","push-errors":false,"_links":{"self":[{"href":"https:\/\/noticiasdestaque.com.br\/index.php\/wp-json\/wp\/v2\/posts\/45759","targetHints":{"allow":["GET"]}}],"collection":[{"href":"https:\/\/noticiasdestaque.com.br\/index.php\/wp-json\/wp\/v2\/posts"}],"about":[{"href":"https:\/\/noticiasdestaque.com.br\/index.php\/wp-json\/wp\/v2\/types\/post"}],"author":[{"embeddable":true,"href":"https:\/\/noticiasdestaque.com.br\/index.php\/wp-json\/wp\/v2\/users\/1"}],"replies":[{"embeddable":true,"href":"https:\/\/noticiasdestaque.com.br\/index.php\/wp-json\/wp\/v2\/comments?post=45759"}],"version-history":[{"count":0,"href":"https:\/\/noticiasdestaque.com.br\/index.php\/wp-json\/wp\/v2\/posts\/45759\/revisions"}],"wp:featuredmedia":[{"embeddable":true,"href":"https:\/\/noticiasdestaque.com.br\/index.php\/wp-json\/wp\/v2\/media\/45760"}],"wp:attachment":[{"href":"https:\/\/noticiasdestaque.com.br\/index.php\/wp-json\/wp\/v2\/media?parent=45759"}],"wp:term":[{"taxonomy":"category","embeddable":true,"href":"https:\/\/noticiasdestaque.com.br\/index.php\/wp-json\/wp\/v2\/categories?post=45759"},{"taxonomy":"post_tag","embeddable":true,"href":"https:\/\/noticiasdestaque.com.br\/index.php\/wp-json\/wp\/v2\/tags?post=45759"}],"curies":[{"name":"wp","href":"https:\/\/api.w.org\/{rel}","templated":true}]}}