{"id":45757,"date":"2025-09-07T18:10:00","date_gmt":"2025-09-07T21:10:00","guid":{"rendered":"https:\/\/noticiasdestaque.com.br\/index.php\/2025\/09\/07\/previsao-do-tempo-segunda-feira-8-com-pancadas-de-chuva-no-norte\/"},"modified":"2025-09-07T18:10:00","modified_gmt":"2025-09-07T21:10:00","slug":"previsao-do-tempo-segunda-feira-8-com-pancadas-de-chuva-no-norte","status":"publish","type":"post","link":"https:\/\/noticiasdestaque.com.br\/index.php\/2025\/09\/07\/previsao-do-tempo-segunda-feira-8-com-pancadas-de-chuva-no-norte\/","title":{"rendered":"PREVIS\u00c3O DO TEMPO: segunda-feira (8) com pancadas de chuva no Norte"},"content":{"rendered":"<p>\t\t\t\t\t\t\t\t\t\t<audio controls class=\"b61_audio_player\" data-noticia=\"84431\" src=\"https:\/\/brasil61.com\/rails\/active_storage\/blobs\/eyJfcmFpbHMiOnsibWVzc2FnZSI6IkJBaHBBOE9XQXc9PSIsImV4cCI6bnVsbCwicHVyIjoiYmxvYl9pZCJ9fQ==--9d598b21b6fd57be2fe836d0fa4c47fea80a2acf\/PTRN254543A\"><\/audio><\/p>\n<p>A <strong>previs\u00e3o do tempo para esta segunda-feira (8) <\/strong>indica muitas nuvens com possibilidade de pancadas de chuvas acompanhadas por trovoadas isoladas no <strong>Amazonas, Acre, Roraima, Amap\u00e1 e Par\u00e1<\/strong>.\u00a0No <strong>Tocantins<\/strong>, o tempo segue com predom\u00ednio de sol ao longo do dia.<\/p>\n<p>Entre as capitais, a temperatura m\u00ednima deve chegar a 21\u00b0C, em Rio Branco. J\u00e1 a m\u00e1xima prevista \u00e9 de 39\u00b0C, em Palmas. A umidade relativa do ar varia entre 20% e 100%.\u00a0<\/p>\n<p>As informa\u00e7\u00f5es s\u00e3o do <strong>Instituto Nacional de Meteorologia (<a href=\"https:\/\/portal.inmet.gov.br\/\" target=\"_blank\">Inmet<\/a>)<\/strong>.\u00a0<\/p>\n<p>\n\u00a0<\/p>\n<p>\t\t\t\t\t\t\t\t\t<img loading=\"lazy\" decoding=\"async\" src=\"https:\/\/brasil61.com\/api\/v1\/serve_pixel\/17677\/84431\" alt=\"Pixel Brasil 61\" class=\"b61_pixel\" width=\"0\" height=\"0\"><\/p>\n<input type=\"hidden\" id=\"baseurl\" value=\"https:\/\/noticiasdestaque.com.br\"><input type=\"hidden\" id=\"audio_nonce\" value=\"6f73a554f1\">","protected":false},"excerpt":{"rendered":"<p>Entre as capitais, a temperatura m\u00ednima deve chegar a 21\u00b0C, em Rio Branco. J\u00e1 a m\u00e1xima prevista \u00e9 de 39\u00b0C, em Palmas. A umidade relativa do ar varia entre 20% e 100%.\u00a0<\/p>\n","protected":false},"author":1,"featured_media":45758,"comment_status":"open","ping_status":"open","sticky":false,"template":"","format":"standard","meta":{"fifu_image_url":"","fifu_image_alt":"","footnotes":""},"categories":[58],"tags":[],"class_list":["post-45757","post","type-post","status-publish","format-standard","has-post-thumbnail","hentry","category-cotidiano"],"distributor_meta":false,"distributor_terms":false,"distributor_media":false,"distributor_original_site_name":"Noticias em Destaque","distributor_original_site_url":"https:\/\/noticiasdestaque.com.br","push-errors":false,"_links":{"self":[{"href":"https:\/\/noticiasdestaque.com.br\/index.php\/wp-json\/wp\/v2\/posts\/45757","targetHints":{"allow":["GET"]}}],"collection":[{"href":"https:\/\/noticiasdestaque.com.br\/index.php\/wp-json\/wp\/v2\/posts"}],"about":[{"href":"https:\/\/noticiasdestaque.com.br\/index.php\/wp-json\/wp\/v2\/types\/post"}],"author":[{"embeddable":true,"href":"https:\/\/noticiasdestaque.com.br\/index.php\/wp-json\/wp\/v2\/users\/1"}],"replies":[{"embeddable":true,"href":"https:\/\/noticiasdestaque.com.br\/index.php\/wp-json\/wp\/v2\/comments?post=45757"}],"version-history":[{"count":0,"href":"https:\/\/noticiasdestaque.com.br\/index.php\/wp-json\/wp\/v2\/posts\/45757\/revisions"}],"wp:featuredmedia":[{"embeddable":true,"href":"https:\/\/noticiasdestaque.com.br\/index.php\/wp-json\/wp\/v2\/media\/45758"}],"wp:attachment":[{"href":"https:\/\/noticiasdestaque.com.br\/index.php\/wp-json\/wp\/v2\/media?parent=45757"}],"wp:term":[{"taxonomy":"category","embeddable":true,"href":"https:\/\/noticiasdestaque.com.br\/index.php\/wp-json\/wp\/v2\/categories?post=45757"},{"taxonomy":"post_tag","embeddable":true,"href":"https:\/\/noticiasdestaque.com.br\/index.php\/wp-json\/wp\/v2\/tags?post=45757"}],"curies":[{"name":"wp","href":"https:\/\/api.w.org\/{rel}","templated":true}]}}