{"id":45731,"date":"2025-09-06T04:20:00","date_gmt":"2025-09-06T07:20:00","guid":{"rendered":"https:\/\/noticiasdestaque.com.br\/index.php\/2025\/09\/06\/vale-inaugura-mina-capanema-e-anuncia-investimentos-de-r-67-bilhoes-em-mg\/"},"modified":"2025-09-06T04:20:00","modified_gmt":"2025-09-06T07:20:00","slug":"vale-inaugura-mina-capanema-e-anuncia-investimentos-de-r-67-bilhoes-em-mg","status":"publish","type":"post","link":"https:\/\/noticiasdestaque.com.br\/index.php\/2025\/09\/06\/vale-inaugura-mina-capanema-e-anuncia-investimentos-de-r-67-bilhoes-em-mg\/","title":{"rendered":"Vale inaugura mina Capanema e anuncia investimentos de R$ 67 bilh\u00f5es em MG"},"content":{"rendered":"<p>A <strong>Vale <\/strong>inaugurou, dia 4 de setembro, a mina Capanema, em Ouro Preto (MG), em solenidade com o governador Romeu Zema e outras autoridades. A retomada da opera\u00e7\u00e3o marca o in\u00edcio de uma nova fase da Vale em Minas Gerais, com investimentos de R$ 67 bilh\u00f5es at\u00e9 2030. Os recursos ser\u00e3o destinados para processos produtivos mais seguros, inovadores e sustent\u00e1veis, al\u00e9m de priorizar a redu\u00e7\u00e3o do uso de barragens, reduzir as emiss\u00f5es de carbono e ampliar a minera\u00e7\u00e3o circular, com o apoio de novas tecnologias nos cinco complexos operacionais da empresa em <strong>Minas Gerais.<\/strong><\/p>\n<p>A mina Capanema vai operar a umidade natural, sem a utiliza\u00e7\u00e3o de \u00e1gua no processamento do mineral e sem gerar rejeito, eliminando a necessidade de barragem. O novo modelo contempla cinco caminh\u00f5es fora de estrada aut\u00f4nomos e solu\u00e7\u00f5es de circularidade, com o reprocessamento de min\u00e9rio de ferro contido em uma antiga pilha de est\u00e9ril. A mina vai adicionar aproximadamente 15 milh\u00f5es de toneladas por ano \u00e0 produ\u00e7\u00e3o de min\u00e9rio de ferro da Vale, contribuindo para o alcance do guidance de 340\u2013360 milh\u00f5es de toneladas anuais em 2026. A <strong>Vale <\/strong>investiu cerca de R$ 5,2 bilh\u00f5es na reativa\u00e7\u00e3o da unidade, que estava paralisada havia 22 anos, incluindo a moderniza\u00e7\u00e3o das instala\u00e7\u00f5es e a integra\u00e7\u00e3o com outras minas da regi\u00e3o para a otimiza\u00e7\u00e3o de processos e redu\u00e7\u00e3o de impactos ambientais. As obras tiveram dura\u00e7\u00e3o de cinco anos, envolveram cerca de 40 empresas e mais de 6 mil trabalhadores no pico das atividades, com prioriza\u00e7\u00e3o de m\u00e3o de obra local. A opera\u00e7\u00e3o conta com 800 empregados. \u201cMinas Gerais est\u00e1 no centro da transforma\u00e7\u00e3o da Vale. Temos uma longa hist\u00f3ria de aprendizados, de uma profunda evolu\u00e7\u00e3o cultural e, sobretudo, de parceria com os mineiros. Seguimos juntos nessa jornada, na certeza do nosso legado para o desenvolvimento sustent\u00e1vel do Estado. Capanema exemplifica a nova fase da minera\u00e7\u00e3o em Minas Gerais e refor\u00e7a nosso compromisso com um processo produtivo mais respons\u00e1vel, minimamente invasivo e com tecnologia e inova\u00e7\u00e3o aplicadas para o melhor aproveitamento dos recursos minerais e para iniciativas de descarboniza\u00e7\u00e3o\u201d, afirma Gustavo Pimenta, presidente da Vale.<\/p>\n<p>O investimento de R$ 67 bilh\u00f5es em Minas Gerais est\u00e1 inserido na estrat\u00e9gia da Vale para 2030 para oferecer um portf\u00f3lio de min\u00e9rio de ferro mais flex\u00edvel, impulsionado por melhorias no desempenho operacional. Os aportes neste per\u00edodo devem gerar cerca de R$ 440 milh\u00f5es em royalties por ano, movimentando R$ 3 bilh\u00f5es anuais em sal\u00e1rios para cerca de 60 mil profissionais, entre pr\u00f3prios e contratados. A maior parte dos investimentos ser\u00e1 destinada a solu\u00e7\u00f5es para ampliar a filtragem e o empilhamento a seco do rejeito, com o objetivo de reduzir de 30% para 20% o uso de barragens nas opera\u00e7\u00f5es da empresa no Estado. \u201cEsses projetos oferecer\u00e3o mais seguran\u00e7a na produ\u00e7\u00e3o do portf\u00f3lio de alta qualidade, que requer etapas de concentra\u00e7\u00e3o do min\u00e9rio, especialmente o pellet feed high grade, essencial para as rotas de redu\u00e7\u00e3o direta na produ\u00e7\u00e3o de a\u00e7o com menor emiss\u00e3o de gases de efeito estufa. Minas Gerais \u00e9 estrat\u00e9gico no fornecimento desse produto, contribuindo diretamente para a descarboniza\u00e7\u00e3o da ind\u00fastria sider\u00fargica\u201d, explica Rog\u00e9rio Nogueira, vice-presidente executivo <strong>Comercial e de Desenvolvimento da Vale<\/strong>.<\/p>\n<p>A Vale investir\u00e1 tamb\u00e9m na moderniza\u00e7\u00e3o dos cinco complexos operacionais da mineradora, al\u00e9m do aumento na gest\u00e3o de estruturas geot\u00e9cnicas das minas, incluindo conectividade, renova\u00e7\u00e3o de frota, instrumenta\u00e7\u00e3o e monitoramento, entre outros processos que garantem a seguran\u00e7a, sustentabilidade e inova\u00e7\u00e3o na produ\u00e7\u00e3o de min\u00e9rio de ferro no Estado. Os recursos abrangem a elimina\u00e7\u00e3o de barragens e diques do <strong>Programa de Descaracteriza\u00e7\u00e3o de Estruturas a Montante<\/strong>. Desde 2019, cerca de 60% do programa foi executado. Das 13 estruturas remanescentes, oito est\u00e3o em obras. Todas est\u00e3o inativas e s\u00e3o monitoradas 24 horas por dia pelos Centros de Monitoramento Geot\u00e9cnico da Vale. \u201cContinuamos avan\u00e7ando na gest\u00e3o de nossas estruturas geot\u00e9cnicas, aprimorando os controles e estudos t\u00e9cnicos e desenvolvendo tecnologia de ponta, em parceria com nossos fornecedores, para eliminar nossas barragens a montante, com foco absoluto na seguran\u00e7a dos nossos empregados, das comunidades vizinhas e na prote\u00e7\u00e3o do meio ambiente. Esse \u00e9 um passo essencial para uma minera\u00e7\u00e3o mais segura e alinhada \u00e0s expectativas da sociedade\u201d, ressalta Rafael Bittar, vice-presidente executivo de Servi\u00e7os T\u00e9cnicos da Vale.<\/p>\n<p>Desde 2020, a vale tem intensificado pr\u00e1ticas de minera\u00e7\u00e3o circular em <strong>Minas Gerais<\/strong> com o reprocessamento de min\u00e9rio de ferro de estruturas geot\u00e9cnicas em descaracteriza\u00e7\u00e3o, como as pilhas de est\u00e9ril da mina Serrinha e a barragem Vargem Grande da mina de mesmo nome. O reaproveitamento permite a elimina\u00e7\u00e3o de riscos associados \u00e0s estruturas e traz ganhos ambientais, como a redu\u00e7\u00e3o de \u00e1rea para disposi\u00e7\u00e3o do material. No primeiro semestre de 2025, a mineradora produziu cerca de nove milh\u00f5es de toneladas a partir desses programas, um aumento de 14% em rela\u00e7\u00e3o ao mesmo per\u00edodo de 2024. No ano passado, a produ\u00e7\u00e3o de fontes circulares somou 12,7 milh\u00f5es de toneladas, e h\u00e1 potencial para que a empresa alcance 10% de sua produ\u00e7\u00e3o total por meio dessas fontes at\u00e9 2030. Minas Gerais responde por cerca de 80% desse volume.A Vale iniciou tamb\u00e9m a produ\u00e7\u00e3o de Areia Sustent\u00e1vel em Minas Gerais, com mais de tr\u00eas milh\u00f5es de toneladas comercializadas nos \u00faltimos dois anos, e a F\u00e1brica de Blocos em Itabirito, que transforma rejeitos em materiais para a constru\u00e7\u00e3o civil, retornando para a cadeia produtiva materiais que seriam anteriormente descartados em barragens e pilhas. Com 63 mil empregados, entre pr\u00f3prios e contratados, as atividades da Vale representaram 3,5% do <strong>PIB <\/strong>do Estado em 2023, conforme estudo da <strong>Funda\u00e7\u00e3o Instituto de Pesquisas Econ\u00f4micas (Fipe)<\/strong>. Nos \u00faltimos dois anos, Minas Gerais foi respons\u00e1vel por cerca de 45% da produ\u00e7\u00e3o total de min\u00e9rio de ferro da companhia. A Vale tamb\u00e9m apoia as manifesta\u00e7\u00f5es art\u00edsticas e ativos culturais do Estado. De 2020 a 2024, investiu cerca de R$ 370 milh\u00f5es em 335 projetos, democratizando o acesso \u00e0 arte e cultura para mais de um milh\u00e3o de pessoas em 45 munic\u00edpios de Minas Gerais. A Vale protege 73 mil hectares de \u00e1reas verdes no Estado, o equivalente a mais de duas vezes o tamanho da capital <strong>Belo Horizonte<\/strong>, entre \u00e1reas pr\u00f3prias e em parceria com o <strong>ICMBio<\/strong>. Desse total, mant\u00e9m<strong> 13 Reservas Particulares do Patrim\u00f4nio Natural (RPPNs)<\/strong>, em munic\u00edpios onde possui opera\u00e7\u00f5es. Adicionalmente, a empresa conserva outros 41 mil hectares, entre reservas legais, \u00e1reas de compensa\u00e7\u00e3o ambiental e destinadas \u00e0 cria\u00e7\u00e3o de novas <strong>RPPNs<\/strong>, atualmente em an\u00e1lise pelos \u00f3rg\u00e3os competentes.<\/p>\n<p><span>\u00a0<\/span><span>\u00a0<\/span>\u00a0<\/p>\n<p>\t\t\t\t\t\t\t\t\t<img loading=\"lazy\" decoding=\"async\" src=\"https:\/\/brasil61.com\/api\/v1\/serve_pixel\/17677\/84460\" alt=\"Pixel Brasil 61\" class=\"b61_pixel\" width=\"0\" height=\"0\"><\/p>\n<input type=\"hidden\" id=\"baseurl\" value=\"https:\/\/noticiasdestaque.com.br\"><input type=\"hidden\" id=\"audio_nonce\" value=\"6f73a554f1\">","protected":false},"excerpt":{"rendered":"<p>A Vale inaugura a mina Capanema, em Minas Gerais, com tecnologia de ponta e foco em sustentabilidade, e anuncia R$ 67 bilh\u00f5es em investimentos no estado at\u00e9 2030, impulsionando a produ\u00e7\u00e3o de min\u00e9rio de ferro e o desenvolvimento local.<\/p>\n","protected":false},"author":1,"featured_media":45732,"comment_status":"open","ping_status":"open","sticky":false,"template":"","format":"standard","meta":{"fifu_image_url":"","fifu_image_alt":"","footnotes":""},"categories":[59],"tags":[],"class_list":["post-45731","post","type-post","status-publish","format-standard","has-post-thumbnail","hentry","category-economia"],"distributor_meta":false,"distributor_terms":false,"distributor_media":false,"distributor_original_site_name":"Noticias em Destaque","distributor_original_site_url":"https:\/\/noticiasdestaque.com.br","push-errors":false,"_links":{"self":[{"href":"https:\/\/noticiasdestaque.com.br\/index.php\/wp-json\/wp\/v2\/posts\/45731","targetHints":{"allow":["GET"]}}],"collection":[{"href":"https:\/\/noticiasdestaque.com.br\/index.php\/wp-json\/wp\/v2\/posts"}],"about":[{"href":"https:\/\/noticiasdestaque.com.br\/index.php\/wp-json\/wp\/v2\/types\/post"}],"author":[{"embeddable":true,"href":"https:\/\/noticiasdestaque.com.br\/index.php\/wp-json\/wp\/v2\/users\/1"}],"replies":[{"embeddable":true,"href":"https:\/\/noticiasdestaque.com.br\/index.php\/wp-json\/wp\/v2\/comments?post=45731"}],"version-history":[{"count":0,"href":"https:\/\/noticiasdestaque.com.br\/index.php\/wp-json\/wp\/v2\/posts\/45731\/revisions"}],"wp:featuredmedia":[{"embeddable":true,"href":"https:\/\/noticiasdestaque.com.br\/index.php\/wp-json\/wp\/v2\/media\/45732"}],"wp:attachment":[{"href":"https:\/\/noticiasdestaque.com.br\/index.php\/wp-json\/wp\/v2\/media?parent=45731"}],"wp:term":[{"taxonomy":"category","embeddable":true,"href":"https:\/\/noticiasdestaque.com.br\/index.php\/wp-json\/wp\/v2\/categories?post=45731"},{"taxonomy":"post_tag","embeddable":true,"href":"https:\/\/noticiasdestaque.com.br\/index.php\/wp-json\/wp\/v2\/tags?post=45731"}],"curies":[{"name":"wp","href":"https:\/\/api.w.org\/{rel}","templated":true}]}}