{"id":45727,"date":"2025-09-06T04:10:00","date_gmt":"2025-09-06T07:10:00","guid":{"rendered":"https:\/\/noticiasdestaque.com.br\/index.php\/2025\/09\/06\/infogripe-de-casos-de-covid-19-aumentam-nas-regioes-centro-sul-e-nordeste\/"},"modified":"2025-09-06T04:10:00","modified_gmt":"2025-09-06T07:10:00","slug":"infogripe-de-casos-de-covid-19-aumentam-nas-regioes-centro-sul-e-nordeste","status":"publish","type":"post","link":"https:\/\/noticiasdestaque.com.br\/index.php\/2025\/09\/06\/infogripe-de-casos-de-covid-19-aumentam-nas-regioes-centro-sul-e-nordeste\/","title":{"rendered":"InfoGripe: de casos de Covid-19 aumentam nas regi\u00f5es Centro-Sul e Nordeste"},"content":{"rendered":"<p>\t\t\t\t\t\t\t\t\t\t<audio controls class=\"b61_audio_player\" data-noticia=\"84443\" src=\"https:\/\/brasil61.com\/rails\/active_storage\/blobs\/eyJfcmFpbHMiOnsibWVzc2FnZSI6IkJBaHBBOGlXQXc9PSIsImV4cCI6bnVsbCwicHVyIjoiYmxvYl9pZCJ9fQ==--27374a9f50fb88bafff7fbfbbc6267f6d3939010\/BRAS2514663A\"><\/audio><\/p>\n<p>O mais recente <a href=\"https:\/\/gitlab.fiocruz.br\/marcelo.gomes\/infogripe\/-\/blob\/master\/Boletins%20do%20InfoGripe\/Resumo_InfoGripe_atual.pdf\" target=\"_blank\">Boletim InfoGripe da Fiocruz<\/a> aponta que foi observado um <strong>crescimento nas notifica\u00e7\u00f5es de S\u00edndrome Respirat\u00f3ria Aguda Grave (SRAG) por Covid-19 nas regi\u00f5es Centro-Sul e Nordeste.<\/strong> A alta foi registrada no Distrito Federal e nos estados do <strong>Mato Grosso, S\u00e3o Paulo, Paran\u00e1, Minas Gerais,Piau\u00ed e Para\u00edba.<\/strong> Apesar do aumento de notifica\u00e7\u00f5es nestas localidades, o n\u00famero de novos casos de SRAG por Covid-19 ainda segue em n\u00edveis relativamente baixos nesses estados.<\/p>\n<p>A publica\u00e7\u00e3o tamb\u00e9m alerta que a<strong> Covid-19 \u00e9 a principal causa de hospitaliza\u00e7\u00e3o de idosos por SRAG no Rio de Janeiro e no Amazonas, nas \u00faltimas semanas.<\/strong> A an\u00e1lise \u00e9 referente \u00e0 Semana Epidemiol\u00f3gica (SE) 35, <strong>per\u00edodo de 24 a 30 de agosto.<\/strong><\/p>\n<p>Conforme o Boletim, no Amazonas, os casos de SRAG seguem crescendo especialmente em crian\u00e7as pequenas de at\u00e9 quatro anos e est\u00e3o relacionados a um aumento das hospitaliza\u00e7\u00f5es por V\u00edrus Sincicial Respirat\u00f3rio (VSR).\u00a0<\/p>\n<p>A pesquisadora do Programa de Computa\u00e7\u00e3o Cient\u00edfica da Fiocruz e do InfoGripe, Tatiana Portella, ressalta que<strong> a vacina\u00e7\u00e3o contra a Covid-19 \u00e9 essencial para proteger a popula\u00e7\u00e3o. Ela afirma que vacinar \u00e9 a principal forma de prote\u00e7\u00e3o contra os casos graves e \u00f3bitos da doen\u00e7a.<\/strong><\/p>\n<p>Tatiana Portella destaca a import\u00e2ncia de as pessoas dos grupos de risco verificarem se est\u00e3o em dia com a vacina.<\/p>\n<p>\u201cPor isso a gente pede para que as pessoas dos grupos de risco verifiquem se est\u00e3o em dia com a vacina\u00e7\u00e3o contra o v\u00edrus, lembrando que idosos precisam tomar doses de refor\u00e7o a cada seis meses, enquanto que os outros grupos, como imunocomprometidos, que s\u00e3o tamb\u00e9m grupos de risco, precisam tomar doses de refor\u00e7o uma vez ao ano\u201d, pontua Portella.\u00a0<\/p>\n<p>No <strong>Distrito Federal <\/strong>e estados como <strong>Amap\u00e1, Goi\u00e1s\u00a0e Rio de Janeiro, o estudo aponta que o avan\u00e7o das ocorr\u00eancias atinge mais as crian\u00e7as e os adolescentes e est\u00e1 ligado ao rinov\u00edrus<\/strong>. J\u00e1 no <strong>Esp\u00edrito Santo<\/strong>, o aumento de SRAG ocorre principalmente na popula\u00e7\u00e3o idosa.<\/p>\n<h2>Capitais\u00a0<\/h2>\n<p>Oito capitais tamb\u00e9m apresentam incid\u00eancia de SRAG em n\u00edveis de alerta, risco ou alto risco. No entanto, sem sinal de crescimento na tend\u00eancia de longo prazo: <strong>Aracaju, Boa Vista, Campo Grande, Cuiab\u00e1, Joao Pessoa, Porto Alegre, Salvador e S\u00e3o Lu\u00eds.<\/strong><\/p>\n<p>Entre as capitais, <strong>Manaus, Macap\u00e1 e Rio de Janeiro<\/strong> apresentam aumento dos casos e SRAG que se concentra nas crian\u00e7as e adolescentes de at\u00e9 14 anos. Em <strong>Vit\u00f3ria<\/strong>, as notifica\u00e7\u00f5es atingem especialmente os idosos a partir de 65 anos.<\/p>\n<h2>Situa\u00e7\u00e3o estadual<\/h2>\n<p>O informe mostra que <strong>seis das 27 Unidades Federativas (UFs) apresentam incid\u00eancia de SRAG em n\u00edvel de alerta<\/strong>, risco ou alto risco \u2013 \u00a0referente \u00e0s \u00faltimas duas semanas \u2013 com sinal de crescimento na tend\u00eancia de longo prazo, que diz respeito \u00e0s \u00faltimas seis semanas. at\u00e9 a SE 35, sendo: <strong>Amap\u00e1, Amazonas, Distrito Federal, Esp\u00edrito Santo, Goi\u00e1s e Rio de Janeiro<\/strong>.<\/p>\n<p>O estudo tamb\u00e9m aponta que 14 UFs apresentam incid\u00eancia de SRAG em n\u00edveis de alerta, risco ou alto risco, <strong>mas sem sinal de crescimento na tend\u00eancia de longo prazo<\/strong>.<\/p>\n<ul>\n<li>Confira os estados: Acre, Alagoas, Bahia, Maranh\u00e3o, Mato Grosso, Mato Grosso do Sul, Minas Gerais, Paran\u00e1, Para\u00edba, Par\u00e1, Rio Grande do Sul, Roraima, Santa Catarina e Sergipe.\u00a0<\/li>\n<\/ul>\n<p>Segundo os pesquisadores do InfoGripe, o alto n\u00famero de casos em grande parte desses estados ainda \u00e9 <strong>reflexo, em grande parte, da temporada dos v\u00edrus influenza A e VSR, que seguem em tend\u00eancia de queda na maior parte do pa\u00eds<\/strong>.\u00a0<\/p>\n<h2>Balan\u00e7o epidemiol\u00f3gico<\/h2>\n<p>Em 2025, j\u00e1 foram notificados<strong> 168.538 mil casos de SRAG<\/strong>, sendo 53,4% com resultado laboratorial positivo para algum v\u00edrus respirat\u00f3rio. Entre os casos positivos, 24,3% foram de influenza A e apenas 1,1% de influenza B. Por outro lado, 44,7% foram de v\u00edrus sincicial respirat\u00f3rio, 47% de rinov\u00edrus <strong>e<\/strong><strong>\u00a014% de Sars-CoV-2 (Covid-19). \u00a0 \u00a0<\/strong><\/p>\n<p>Nas quatro \u00faltimas semanas epidemiol\u00f3gicas, a preval\u00eancia entre os \u00f3bitos positivos foi de 23,8% para influenza A; 2,2% para influenza B; 18,1% para VSR; 27,9% para rinov\u00edrus; e 26,7% para Sars-CoV-2 (Covid-19).<\/p>\n<p>\n\u00a0<\/p>\n<p>\t\t\t\t\t\t\t\t\t<img loading=\"lazy\" decoding=\"async\" src=\"https:\/\/brasil61.com\/api\/v1\/serve_pixel\/17677\/84443\" alt=\"Pixel Brasil 61\" class=\"b61_pixel\" width=\"0\" height=\"0\"><\/p>\n<input type=\"hidden\" id=\"baseurl\" value=\"https:\/\/noticiasdestaque.com.br\"><input type=\"hidden\" id=\"audio_nonce\" value=\"6f73a554f1\">","protected":false},"excerpt":{"rendered":"<p>Boletim da FioCruz aponta que alta foi registrada no Distrito Federal e nos estados do Mato Grosso, S\u00e3o Paulo, Paran\u00e1, Minas Gerais,Piau\u00ed e Para\u00edba<\/p>\n","protected":false},"author":1,"featured_media":45728,"comment_status":"open","ping_status":"open","sticky":false,"template":"","format":"standard","meta":{"fifu_image_url":"","fifu_image_alt":"","footnotes":""},"categories":[51],"tags":[],"class_list":["post-45727","post","type-post","status-publish","format-standard","has-post-thumbnail","hentry","category-saude"],"distributor_meta":false,"distributor_terms":false,"distributor_media":false,"distributor_original_site_name":"Noticias em Destaque","distributor_original_site_url":"https:\/\/noticiasdestaque.com.br","push-errors":false,"_links":{"self":[{"href":"https:\/\/noticiasdestaque.com.br\/index.php\/wp-json\/wp\/v2\/posts\/45727","targetHints":{"allow":["GET"]}}],"collection":[{"href":"https:\/\/noticiasdestaque.com.br\/index.php\/wp-json\/wp\/v2\/posts"}],"about":[{"href":"https:\/\/noticiasdestaque.com.br\/index.php\/wp-json\/wp\/v2\/types\/post"}],"author":[{"embeddable":true,"href":"https:\/\/noticiasdestaque.com.br\/index.php\/wp-json\/wp\/v2\/users\/1"}],"replies":[{"embeddable":true,"href":"https:\/\/noticiasdestaque.com.br\/index.php\/wp-json\/wp\/v2\/comments?post=45727"}],"version-history":[{"count":0,"href":"https:\/\/noticiasdestaque.com.br\/index.php\/wp-json\/wp\/v2\/posts\/45727\/revisions"}],"wp:featuredmedia":[{"embeddable":true,"href":"https:\/\/noticiasdestaque.com.br\/index.php\/wp-json\/wp\/v2\/media\/45728"}],"wp:attachment":[{"href":"https:\/\/noticiasdestaque.com.br\/index.php\/wp-json\/wp\/v2\/media?parent=45727"}],"wp:term":[{"taxonomy":"category","embeddable":true,"href":"https:\/\/noticiasdestaque.com.br\/index.php\/wp-json\/wp\/v2\/categories?post=45727"},{"taxonomy":"post_tag","embeddable":true,"href":"https:\/\/noticiasdestaque.com.br\/index.php\/wp-json\/wp\/v2\/tags?post=45727"}],"curies":[{"name":"wp","href":"https:\/\/api.w.org\/{rel}","templated":true}]}}