{"id":45719,"date":"2025-09-05T20:35:00","date_gmt":"2025-09-05T23:35:00","guid":{"rendered":"https:\/\/noticiasdestaque.com.br\/index.php\/2025\/09\/05\/previsao-do-tempo-sabado-6-instavel-na-regiao-sul\/"},"modified":"2025-09-05T20:35:00","modified_gmt":"2025-09-05T23:35:00","slug":"previsao-do-tempo-sabado-6-instavel-na-regiao-sul","status":"publish","type":"post","link":"https:\/\/noticiasdestaque.com.br\/index.php\/2025\/09\/05\/previsao-do-tempo-sabado-6-instavel-na-regiao-sul\/","title":{"rendered":"PREVIS\u00c3O DO TEMPO: s\u00e1bado (6) inst\u00e1vel na Regi\u00e3o Sul"},"content":{"rendered":"<p>\t\t\t\t\t\t\t\t\t\t<audio controls class=\"b61_audio_player\" data-noticia=\"84432\" src=\"https:\/\/brasil61.com\/rails\/active_storage\/blobs\/eyJfcmFpbHMiOnsibWVzc2FnZSI6IkJBaHBBOHFXQXc9PSIsImV4cCI6bnVsbCwicHVyIjoiYmxvYl9pZCJ9fQ==--cb153411c240ea3107132ffd07c7d00d2ef3a49b\/PTRS254056A\"><\/audio><\/p>\n<p style=\"text-align: justify\">A <strong>previs\u00e3o do tempo para este s\u00e1bado (6) para a Regi\u00e3o Sul \u00e9 de ventos costeiros para Curitiba e regi\u00f5es litor\u00e2neas de Santa Catarina, principalmente, Grande Florian\u00f3polis, Norte e Sul Catarinense e Vale do Itaja\u00ed. Alerta de geadas para Sudoeste e Sudeste do Rio Grande do Sul, e poss\u00edveis chuvas para toda regi\u00e3o.\u00a0<\/strong><\/p>\n<p style=\"text-align: justify\">O Paran\u00e1 ter\u00e1 dia com muitas nuvens e pancadas de chuva isoladas. Alerta de decl\u00ednio de temperatura na Metropolitana de Curitiba.\u00a0<\/p>\n<p style=\"text-align: justify\">Santa Catarina, segue com sol e varia\u00e7\u00f5es de nuvens com decl\u00ednio de temperatura no norte Catarinense, Vale do Itaja\u00ed e Grande Florian\u00f3polis.\u00a0<\/p>\n<p style=\"text-align: justify\">No Rio Grande do Sul, a previs\u00e3o para a tarde \u00e9 de tempo aberto e c\u00e9u claro.\u00a0<\/p>\n<p style=\"text-align: justify\">Entre as capitais, a temperatura m\u00ednima prevista ser\u00e1 de 8\u00b0C, em Curitiba. J\u00e1 a m\u00e1xima ser\u00e1 de 14\u00b0C, em Porto Alegre. A umidade relativa do ar varia entre \u00a060% e 95%.\u00a0<\/p>\n<p style=\"text-align: justify\">As informa\u00e7\u00f5es s\u00e3o do Instituto Nacional de Meteorologia (<a href=\"https:\/\/portal.inmet.gov.br\/\" target=\"_blank\">Inmet<\/a>)<\/p>\n<p>\t\t\t\t\t\t\t\t\t<img loading=\"lazy\" decoding=\"async\" src=\"https:\/\/brasil61.com\/api\/v1\/serve_pixel\/17677\/84432\" alt=\"Pixel Brasil 61\" class=\"b61_pixel\" width=\"0\" height=\"0\"><\/p>\n<input type=\"hidden\" id=\"baseurl\" value=\"https:\/\/noticiasdestaque.com.br\"><input type=\"hidden\" id=\"audio_nonce\" value=\"6f73a554f1\">","protected":false},"excerpt":{"rendered":"<p>Entre as capitais, a temperatura m\u00ednima prevista ser\u00e1 de 8\u00b0C, em Curitiba. J\u00e1 a m\u00e1xima ser\u00e1 de 14\u00b0C, em Porto Alegre. A umidade relativa do ar varia entre  60% e 95%. <\/p>\n","protected":false},"author":1,"featured_media":45720,"comment_status":"open","ping_status":"open","sticky":false,"template":"","format":"standard","meta":{"fifu_image_url":"","fifu_image_alt":"","footnotes":""},"categories":[58],"tags":[],"class_list":["post-45719","post","type-post","status-publish","format-standard","has-post-thumbnail","hentry","category-cotidiano"],"distributor_meta":false,"distributor_terms":false,"distributor_media":false,"distributor_original_site_name":"Noticias em Destaque","distributor_original_site_url":"https:\/\/noticiasdestaque.com.br","push-errors":false,"_links":{"self":[{"href":"https:\/\/noticiasdestaque.com.br\/index.php\/wp-json\/wp\/v2\/posts\/45719","targetHints":{"allow":["GET"]}}],"collection":[{"href":"https:\/\/noticiasdestaque.com.br\/index.php\/wp-json\/wp\/v2\/posts"}],"about":[{"href":"https:\/\/noticiasdestaque.com.br\/index.php\/wp-json\/wp\/v2\/types\/post"}],"author":[{"embeddable":true,"href":"https:\/\/noticiasdestaque.com.br\/index.php\/wp-json\/wp\/v2\/users\/1"}],"replies":[{"embeddable":true,"href":"https:\/\/noticiasdestaque.com.br\/index.php\/wp-json\/wp\/v2\/comments?post=45719"}],"version-history":[{"count":0,"href":"https:\/\/noticiasdestaque.com.br\/index.php\/wp-json\/wp\/v2\/posts\/45719\/revisions"}],"wp:featuredmedia":[{"embeddable":true,"href":"https:\/\/noticiasdestaque.com.br\/index.php\/wp-json\/wp\/v2\/media\/45720"}],"wp:attachment":[{"href":"https:\/\/noticiasdestaque.com.br\/index.php\/wp-json\/wp\/v2\/media?parent=45719"}],"wp:term":[{"taxonomy":"category","embeddable":true,"href":"https:\/\/noticiasdestaque.com.br\/index.php\/wp-json\/wp\/v2\/categories?post=45719"},{"taxonomy":"post_tag","embeddable":true,"href":"https:\/\/noticiasdestaque.com.br\/index.php\/wp-json\/wp\/v2\/tags?post=45719"}],"curies":[{"name":"wp","href":"https:\/\/api.w.org\/{rel}","templated":true}]}}