{"id":45717,"date":"2025-09-05T20:30:00","date_gmt":"2025-09-05T23:30:00","guid":{"rendered":"https:\/\/noticiasdestaque.com.br\/index.php\/2025\/09\/05\/previsao-do-tempo-sabado-6-de-sol-e-chuva-na-regiao-sudeste\/"},"modified":"2025-09-05T20:30:00","modified_gmt":"2025-09-05T23:30:00","slug":"previsao-do-tempo-sabado-6-de-sol-e-chuva-na-regiao-sudeste","status":"publish","type":"post","link":"https:\/\/noticiasdestaque.com.br\/index.php\/2025\/09\/05\/previsao-do-tempo-sabado-6-de-sol-e-chuva-na-regiao-sudeste\/","title":{"rendered":"PREVIS\u00c3O DO TEMPO: s\u00e1bado (6) de sol e chuva na Regi\u00e3o Sudeste"},"content":{"rendered":"<p>\t\t\t\t\t\t\t\t\t\t<audio controls class=\"b61_audio_player\" data-noticia=\"84433\" src=\"https:\/\/brasil61.com\/rails\/active_storage\/blobs\/eyJfcmFpbHMiOnsibWVzc2FnZSI6IkJBaHBBODZXQXc9PSIsImV4cCI6bnVsbCwicHVyIjoiYmxvYl9pZCJ9fQ==--c8ab896efb9c965e0dce4d5320b7f97bc99d4486\/PTSD254180A\"><\/audio><\/p>\n<p style=\"text-align: justify\">A <strong>previs\u00e3o do tempo para este s\u00e1bado (6) para a Regi\u00e3o Sudeste \u00e9 de decl\u00ednio de temperatura em S\u00e3o Paulo, Minas Gerais e Rio de Janeiro. Risco de ventos costeiros no Sul Fluminense, Baixadas, Metropolitana do Rio de Janeiro, Vale do Para\u00edba Paulista, Metropolitana de S\u00e3o Paulo e Litoral Sul Paulista.<\/strong>\u00a0<\/p>\n<p style=\"text-align: justify\">No Esp\u00edrito Santo e Minas Gerais, o cen\u00e1rio \u00e9 parecido, seguir\u00e1 com sol e tempo claro com varia\u00e7\u00f5es de nuvens ao decorrer do dia.\u00a0<\/p>\n<p style=\"text-align: justify\">Em S\u00e3o Paulo e no Rio de Janeiro, o c\u00e9u segue nublado com pancadas de chuvas isoladas.\u00a0<\/p>\n<p style=\"text-align: justify\">Entre as capitais, a temperatura m\u00ednima prevista ser\u00e1 de 13\u00b0C, em Belo Horizonte. J\u00e1 a m\u00e1xima ser\u00e1 de 29\u00b0C, tamb\u00e9m em Belo Horizonte. A umidade relativa do ar varia entre 25% e 90%.\u00a0<\/p>\n<p style=\"text-align: justify\">As informa\u00e7\u00f5es s\u00e3o do Instituto Nacional de Meteorologia (<a href=\"https:\/\/portal.inmet.gov.br\/\" target=\"_blank\">Inmet<\/a>)<\/p>\n<p>\t\t\t\t\t\t\t\t\t<img loading=\"lazy\" decoding=\"async\" src=\"https:\/\/brasil61.com\/api\/v1\/serve_pixel\/17677\/84433\" alt=\"Pixel Brasil 61\" class=\"b61_pixel\" width=\"0\" height=\"0\"><\/p>\n<input type=\"hidden\" id=\"baseurl\" value=\"https:\/\/noticiasdestaque.com.br\"><input type=\"hidden\" id=\"audio_nonce\" value=\"5128c810d9\">","protected":false},"excerpt":{"rendered":"<p>Entre as capitais, a temperatura m\u00ednima prevista ser\u00e1 de 13\u00b0C, em Belo Horizonte. J\u00e1 a m\u00e1xima ser\u00e1 de 29\u00b0C, tamb\u00e9m em Belo Horizonte. A umidade relativa do ar varia entre 25% e 90%<\/p>\n","protected":false},"author":1,"featured_media":45718,"comment_status":"open","ping_status":"open","sticky":false,"template":"","format":"standard","meta":{"fifu_image_url":"","fifu_image_alt":"","footnotes":""},"categories":[58],"tags":[],"class_list":["post-45717","post","type-post","status-publish","format-standard","has-post-thumbnail","hentry","category-cotidiano"],"distributor_meta":false,"distributor_terms":false,"distributor_media":false,"distributor_original_site_name":"Noticias em Destaque","distributor_original_site_url":"https:\/\/noticiasdestaque.com.br","push-errors":false,"_links":{"self":[{"href":"https:\/\/noticiasdestaque.com.br\/index.php\/wp-json\/wp\/v2\/posts\/45717","targetHints":{"allow":["GET"]}}],"collection":[{"href":"https:\/\/noticiasdestaque.com.br\/index.php\/wp-json\/wp\/v2\/posts"}],"about":[{"href":"https:\/\/noticiasdestaque.com.br\/index.php\/wp-json\/wp\/v2\/types\/post"}],"author":[{"embeddable":true,"href":"https:\/\/noticiasdestaque.com.br\/index.php\/wp-json\/wp\/v2\/users\/1"}],"replies":[{"embeddable":true,"href":"https:\/\/noticiasdestaque.com.br\/index.php\/wp-json\/wp\/v2\/comments?post=45717"}],"version-history":[{"count":0,"href":"https:\/\/noticiasdestaque.com.br\/index.php\/wp-json\/wp\/v2\/posts\/45717\/revisions"}],"wp:featuredmedia":[{"embeddable":true,"href":"https:\/\/noticiasdestaque.com.br\/index.php\/wp-json\/wp\/v2\/media\/45718"}],"wp:attachment":[{"href":"https:\/\/noticiasdestaque.com.br\/index.php\/wp-json\/wp\/v2\/media?parent=45717"}],"wp:term":[{"taxonomy":"category","embeddable":true,"href":"https:\/\/noticiasdestaque.com.br\/index.php\/wp-json\/wp\/v2\/categories?post=45717"},{"taxonomy":"post_tag","embeddable":true,"href":"https:\/\/noticiasdestaque.com.br\/index.php\/wp-json\/wp\/v2\/tags?post=45717"}],"curies":[{"name":"wp","href":"https:\/\/api.w.org\/{rel}","templated":true}]}}