{"id":45715,"date":"2025-09-05T20:30:00","date_gmt":"2025-09-05T23:30:00","guid":{"rendered":"https:\/\/noticiasdestaque.com.br\/index.php\/2025\/09\/05\/plano-safra-banco-da-amazonia-anuncia-r-850-milhoes-para-o-amapa\/"},"modified":"2025-09-05T20:30:00","modified_gmt":"2025-09-05T23:30:00","slug":"plano-safra-banco-da-amazonia-anuncia-r-850-milhoes-para-o-amapa","status":"publish","type":"post","link":"https:\/\/noticiasdestaque.com.br\/index.php\/2025\/09\/05\/plano-safra-banco-da-amazonia-anuncia-r-850-milhoes-para-o-amapa\/","title":{"rendered":"PLANO SAFRA: Banco da Amaz\u00f4nia anuncia R$ 850 milh\u00f5es para o Amap\u00e1"},"content":{"rendered":"<p>\t\t\t\t\t\t\t\t\t\t<audio controls class=\"b61_audio_player\" data-noticia=\"84459\" src=\"https:\/\/brasil61.com\/rails\/active_storage\/blobs\/eyJfcmFpbHMiOnsibWVzc2FnZSI6IkJBaHBBL0NXQXc9PSIsImV4cCI6bnVsbCwicHVyIjoiYmxvYl9pZCJ9fQ==--3450542fde543dccd46f16c8ae5ec8a5240a4ad1\/BASA250088A\"><\/audio><\/p>\n<p>O <a href=\"https:\/\/www.bancoamazonia.com.br\/\" target=\"_blank\">Banco da Amaz\u00f4nia<\/a> anunciou, nesta sexta-feira (5), a destina\u00e7\u00e3o de R$ 850 milh\u00f5es ao Plano Safra do estado. O an\u00fancio foi feito durante a 54\u00aa Expofeira do Amap\u00e1, evento que ocorre em Macap\u00e1.\u00a0<\/p>\n<p>A novidade foi compartilhada durante o Mutir\u00e3o de Microcr\u00e9dito, realizado pela institui\u00e7\u00e3o dentro da feira.<\/p>\n<p>Durante a a\u00e7\u00e3o, foram contratadas 75 opera\u00e7\u00f5es de Microcr\u00e9dito Produtivo Orientado. Os contratos totalizaram R$ 5,2 milh\u00f5es, al\u00e9m de 176 opera\u00e7\u00f5es do Pronaf, no valor de R$ 9,8 milh\u00f5es.\u00a0<\/p>\n<p><a href=\"https:\/\/brasil61.com\/n\/expofeira-amapa-2025-banco-da-amazonia-apresenta-linhas-de-credito-voltadas-para-agricultura-familiar-e-empresarios-basa250085\" target=\"_blank\">EXPOFEIRA AMAP\u00c1 2025: Banco da Amaz\u00f4nia apresenta linhas de cr\u00e9dito voltadas para agricultura familiar e empres\u00e1rios<\/a><\/p>\n<p><a href=\"https:\/\/brasil61.com\/n\/banco-da-amazonia-apresenta-o-pecuaria-verde-na-agropec-2025-no-para-basa250075\" target=\"_blank\">Banco da Amaz\u00f4nia apresenta o Pecu\u00e1ria Verde na Agropec 2025, no Par\u00e1<\/a><\/p>\n<p>Ao todo, 251 opera\u00e7\u00f5es foram formalizadas \u2013 o que representa cerca de R$ 15 milh\u00f5es em cr\u00e9ditos para o desenvolvimento do estado.<\/p>\n<p>O presidente do Banco da Amaz\u00f4nia, Luiz Lessa, destacou o papel dessas iniciativas para o desenvolvimento regional. \u201cO estado do Amap\u00e1 \u00e9 um estado com muitas oportunidades que vem se desenvolvendo cada vez mais. Tem um produto interno elevado e grandes oportunidades negociais, tanto no campo do agroneg\u00f3cio quanto no campo empresarial. E o Banco da Amaz\u00f4nia est\u00e1 presente para poder desenvolver a regi\u00e3o, gerar emprego, gerar renda atrav\u00e9s de todas as nossas solu\u00e7\u00f5es de cr\u00e9dito\u201d, ressaltou Lessa.<\/p>\n<p>O Mutir\u00e3o de Microcr\u00e9dito contou com a presen\u00e7a do Ministro da Integra\u00e7\u00e3o e do Desenvolvimento Regional, Waldez G\u00f3es; da diretora comercial do Banco da Amaz\u00f4nia, Joana Lima; do superintendente regional, Andr\u00e9 Vargas; e do gerente executivo da institui\u00e7\u00e3o, Misael Moreno; entre outras autoridades.<\/p>\n<h2>Plano Safra 25\/26<\/h2>\n<p>Em julho, o Banco da Amaz\u00f4nia lan\u00e7ou o <a href=\"https:\/\/brasil61.com\/n\/plano-safra-25-26-banco-da-amazonia-projeta-r-1-8-bilhao-para-a-agricultura-familiar-basa250062\" target=\"_blank\">Plano Safra 2025\/2026<\/a>, com R$ 1,8 bilh\u00e3o destinado exclusivamente \u00e0 agricultura familiar. O montante equivale um avan\u00e7o de 38% em compara\u00e7\u00e3o com a safra anterior e refor\u00e7a o compromisso da institui\u00e7\u00e3o com o financiamento de pr\u00e1ticas sustent\u00e1veis na regi\u00e3o Norte.<\/p>\n<p>Para a agricultura familiar, a taxa de custeio come\u00e7a em 0,5% a.a. e a taxa de investimento tamb\u00e9m \u00e9 de 0,5% a.a.<br \/>\n\u00a0<\/p>\n<p>\t\t\t\t\t\t\t\t\t<img loading=\"lazy\" decoding=\"async\" src=\"https:\/\/brasil61.com\/api\/v1\/serve_pixel\/17677\/84459\" alt=\"Pixel Brasil 61\" class=\"b61_pixel\" width=\"0\" height=\"0\"><\/p>\n<input type=\"hidden\" id=\"baseurl\" value=\"https:\/\/noticiasdestaque.com.br\"><input type=\"hidden\" id=\"audio_nonce\" value=\"6f73a554f1\">","protected":false},"excerpt":{"rendered":"<p>An\u00fancio foi feito durante a 54\u00aa Expofeira do Amap\u00e1, onde foram contratadas 75 opera\u00e7\u00f5es de Microcr\u00e9dito Produtivo Orientado, totalizando R$ 5,2 milh\u00f5es, al\u00e9m de 176 opera\u00e7\u00f5es do Pronaf<\/p>\n","protected":false},"author":1,"featured_media":45716,"comment_status":"open","ping_status":"open","sticky":false,"template":"","format":"standard","meta":{"fifu_image_url":"","fifu_image_alt":"","footnotes":""},"categories":[59],"tags":[],"class_list":["post-45715","post","type-post","status-publish","format-standard","has-post-thumbnail","hentry","category-economia"],"distributor_meta":false,"distributor_terms":false,"distributor_media":false,"distributor_original_site_name":"Noticias em Destaque","distributor_original_site_url":"https:\/\/noticiasdestaque.com.br","push-errors":false,"_links":{"self":[{"href":"https:\/\/noticiasdestaque.com.br\/index.php\/wp-json\/wp\/v2\/posts\/45715","targetHints":{"allow":["GET"]}}],"collection":[{"href":"https:\/\/noticiasdestaque.com.br\/index.php\/wp-json\/wp\/v2\/posts"}],"about":[{"href":"https:\/\/noticiasdestaque.com.br\/index.php\/wp-json\/wp\/v2\/types\/post"}],"author":[{"embeddable":true,"href":"https:\/\/noticiasdestaque.com.br\/index.php\/wp-json\/wp\/v2\/users\/1"}],"replies":[{"embeddable":true,"href":"https:\/\/noticiasdestaque.com.br\/index.php\/wp-json\/wp\/v2\/comments?post=45715"}],"version-history":[{"count":0,"href":"https:\/\/noticiasdestaque.com.br\/index.php\/wp-json\/wp\/v2\/posts\/45715\/revisions"}],"wp:featuredmedia":[{"embeddable":true,"href":"https:\/\/noticiasdestaque.com.br\/index.php\/wp-json\/wp\/v2\/media\/45716"}],"wp:attachment":[{"href":"https:\/\/noticiasdestaque.com.br\/index.php\/wp-json\/wp\/v2\/media?parent=45715"}],"wp:term":[{"taxonomy":"category","embeddable":true,"href":"https:\/\/noticiasdestaque.com.br\/index.php\/wp-json\/wp\/v2\/categories?post=45715"},{"taxonomy":"post_tag","embeddable":true,"href":"https:\/\/noticiasdestaque.com.br\/index.php\/wp-json\/wp\/v2\/tags?post=45715"}],"curies":[{"name":"wp","href":"https:\/\/api.w.org\/{rel}","templated":true}]}}