{"id":45711,"date":"2025-09-05T20:25:00","date_gmt":"2025-09-05T23:25:00","guid":{"rendered":"https:\/\/noticiasdestaque.com.br\/index.php\/2025\/09\/05\/previsao-do-tempo-sabado-6-chuvoso-na-regiao-norte\/"},"modified":"2025-09-05T20:25:00","modified_gmt":"2025-09-05T23:25:00","slug":"previsao-do-tempo-sabado-6-chuvoso-na-regiao-norte","status":"publish","type":"post","link":"https:\/\/noticiasdestaque.com.br\/index.php\/2025\/09\/05\/previsao-do-tempo-sabado-6-chuvoso-na-regiao-norte\/","title":{"rendered":"PREVIS\u00c3O DO TEMPO: s\u00e1bado (6) chuvoso na Regi\u00e3o Norte"},"content":{"rendered":"<p>\t\t\t\t\t\t\t\t\t\t<audio controls class=\"b61_audio_player\" data-noticia=\"84428\" src=\"https:\/\/brasil61.com\/rails\/active_storage\/blobs\/eyJfcmFpbHMiOnsibWVzc2FnZSI6IkJBaHBBOHlXQXc9PSIsImV4cCI6bnVsbCwicHVyIjoiYmxvYl9pZCJ9fQ==--1b7b85aa38092b4019f01e6cbcd5073b07b2d9fe\/PTRN254542A\"><\/audio><\/p>\n<p>A <strong>previs\u00e3o do tempo para este s\u00e1bado (6) para a Regi\u00e3o Norte <\/strong>\u00e9 de <strong>alerta de chuvas nas \u00e1reas do Acre e Amazonas<\/strong>, principalmente Vale do Acre, Sudoeste e Sul Amazonense, Vale do Juru\u00e1, Madeira-Guapor\u00e9, al\u00e9m do Norte e Centro Amazonense.\u00a0<\/p>\n<\/p>\n<p style=\"text-align: justify\"><strong>Muitas nuvens, pancadas de chuva e trovoadas isoladas nas regi\u00f5es de Roraima e Amazonas<\/strong>. <strong>Enquanto no Acre, Amap\u00e1 e Par\u00e1 a previs\u00e3o \u00e9 de muitas nuvens com probabilidade de chuvas isoladas.\u00a0<\/strong><\/p>\n<p style=\"text-align: justify\">No Tocantins, o cen\u00e1rio \u00e9 de tempo aberto e claro, com sol o dia todo. Enquanto em Rond\u00f4nia, o dia ser\u00e1 de sol com varia\u00e7\u00f5es de nuvens.\u00a0<\/p>\n<p style=\"text-align: justify\">Entre as capitais, a temperatura m\u00ednima prevista ser\u00e1 de 21\u00b0C, em Rio Branco. J\u00e1 a m\u00e1xima ser\u00e1 de 38\u00b0C, em Palmas. A umidade relativa do ar varia entre 20% e 90%.\u00a0<\/p>\n<p style=\"text-align: justify\">As informa\u00e7\u00f5es s\u00e3o do Instituto Nacional de Meteorologia (<a href=\"https:\/\/portal.inmet.gov.br\/\" target=\"_blank\">Inmet<\/a>). \u00a0<br \/>\n\u00a0<\/p>\n<p>\t\t\t\t\t\t\t\t\t<img loading=\"lazy\" decoding=\"async\" src=\"https:\/\/brasil61.com\/api\/v1\/serve_pixel\/17677\/84428\" alt=\"Pixel Brasil 61\" class=\"b61_pixel\" width=\"0\" height=\"0\"><\/p>\n<input type=\"hidden\" id=\"baseurl\" value=\"https:\/\/noticiasdestaque.com.br\"><input type=\"hidden\" id=\"audio_nonce\" value=\"6f73a554f1\">","protected":false},"excerpt":{"rendered":"<p>Entre as capitais, a temperatura m\u00ednima prevista ser\u00e1 de 21\u00b0C, em Rio Branco. J\u00e1 a m\u00e1xima ser\u00e1 de 38\u00b0C, em Palmas. A umidade relativa do ar varia entre 20% e 90%. <\/p>\n","protected":false},"author":1,"featured_media":45712,"comment_status":"open","ping_status":"open","sticky":false,"template":"","format":"standard","meta":{"fifu_image_url":"","fifu_image_alt":"","footnotes":""},"categories":[58],"tags":[],"class_list":["post-45711","post","type-post","status-publish","format-standard","has-post-thumbnail","hentry","category-cotidiano"],"distributor_meta":false,"distributor_terms":false,"distributor_media":false,"distributor_original_site_name":"Noticias em Destaque","distributor_original_site_url":"https:\/\/noticiasdestaque.com.br","push-errors":false,"_links":{"self":[{"href":"https:\/\/noticiasdestaque.com.br\/index.php\/wp-json\/wp\/v2\/posts\/45711","targetHints":{"allow":["GET"]}}],"collection":[{"href":"https:\/\/noticiasdestaque.com.br\/index.php\/wp-json\/wp\/v2\/posts"}],"about":[{"href":"https:\/\/noticiasdestaque.com.br\/index.php\/wp-json\/wp\/v2\/types\/post"}],"author":[{"embeddable":true,"href":"https:\/\/noticiasdestaque.com.br\/index.php\/wp-json\/wp\/v2\/users\/1"}],"replies":[{"embeddable":true,"href":"https:\/\/noticiasdestaque.com.br\/index.php\/wp-json\/wp\/v2\/comments?post=45711"}],"version-history":[{"count":0,"href":"https:\/\/noticiasdestaque.com.br\/index.php\/wp-json\/wp\/v2\/posts\/45711\/revisions"}],"wp:featuredmedia":[{"embeddable":true,"href":"https:\/\/noticiasdestaque.com.br\/index.php\/wp-json\/wp\/v2\/media\/45712"}],"wp:attachment":[{"href":"https:\/\/noticiasdestaque.com.br\/index.php\/wp-json\/wp\/v2\/media?parent=45711"}],"wp:term":[{"taxonomy":"category","embeddable":true,"href":"https:\/\/noticiasdestaque.com.br\/index.php\/wp-json\/wp\/v2\/categories?post=45711"},{"taxonomy":"post_tag","embeddable":true,"href":"https:\/\/noticiasdestaque.com.br\/index.php\/wp-json\/wp\/v2\/tags?post=45711"}],"curies":[{"name":"wp","href":"https:\/\/api.w.org\/{rel}","templated":true}]}}