{"id":45709,"date":"2025-09-05T20:20:00","date_gmt":"2025-09-05T23:20:00","guid":{"rendered":"https:\/\/noticiasdestaque.com.br\/index.php\/2025\/09\/05\/previsao-do-tempo-sabado-6-instavel-na-regiao-nordeste\/"},"modified":"2025-09-05T20:20:00","modified_gmt":"2025-09-05T23:20:00","slug":"previsao-do-tempo-sabado-6-instavel-na-regiao-nordeste","status":"publish","type":"post","link":"https:\/\/noticiasdestaque.com.br\/index.php\/2025\/09\/05\/previsao-do-tempo-sabado-6-instavel-na-regiao-nordeste\/","title":{"rendered":"PREVIS\u00c3O DO TEMPO: s\u00e1bado (6) inst\u00e1vel na Regi\u00e3o Nordeste"},"content":{"rendered":"<p>\t\t\t\t\t\t\t\t\t\t<audio controls class=\"b61_audio_player\" data-noticia=\"84429\" src=\"https:\/\/brasil61.com\/rails\/active_storage\/blobs\/eyJfcmFpbHMiOnsibWVzc2FnZSI6IkJBaHBBODJXQXc9PSIsImV4cCI6bnVsbCwicHVyIjoiYmxvYl9pZCJ9fQ==--27cb0d49a0ce0e04e6205d776c61c08749272e5f\/PTND254791A\"><\/audio><\/p>\n<p style=\"text-align: justify\">A <strong>previs\u00e3o do tempo para este s\u00e1bado (6) para a Regi\u00e3o Nordeste \u00e9 de ventos costeiros intensos para o litoral do Cear\u00e1, Piau\u00ed e Rio Grande do Norte<\/strong>, atingindo \u00e1reas como Fortaleza, Jaguaribe e regi\u00f5es Potiguares. Alerta para acumulados de chuva na Regi\u00e3o Metropolitana do Recife, Mata Pernambucana, Leste de Alagoas e Agreste de Pernambuco.\u00a0<\/p>\n<p style=\"text-align: justify\"><strong>Muitas nuvens com possibilidade de chuva isolada para Bahia, Sergipe, Alagoas, Pernambuco, Para\u00edba, Maranh\u00e3o e Rio Grande do Norte.\u00a0<\/strong><\/p>\n<p style=\"text-align: justify\">Para Cear\u00e1 e Piau\u00ed, a previs\u00e3o \u00e9 de sol com varia\u00e7\u00f5es de nuvens ao longo do dia.\u00a0<\/p>\n<p style=\"text-align: justify\">Entre as capitais, a temperatura m\u00ednima prevista ser\u00e1 de 20\u00b0C, em Salvador. J\u00e1 a m\u00e1xima ser\u00e1 de 38\u00b0C, em Teresina. A umidade relativa do ar varia entre 25% e 85%.\u00a0<\/p>\n<p style=\"text-align: justify\">As informa\u00e7\u00f5es s\u00e3o do Instituto Nacional de Meteorologia (<a href=\"https:\/\/portal.inmet.gov.br\/\" target=\"_blank\">Inmet<\/a>). \u00a0<\/p>\n<p>\t\t\t\t\t\t\t\t\t<img loading=\"lazy\" decoding=\"async\" src=\"https:\/\/brasil61.com\/api\/v1\/serve_pixel\/17677\/84429\" alt=\"Pixel Brasil 61\" class=\"b61_pixel\" width=\"0\" height=\"0\"><\/p>\n<input type=\"hidden\" id=\"baseurl\" value=\"https:\/\/noticiasdestaque.com.br\"><input type=\"hidden\" id=\"audio_nonce\" value=\"6f73a554f1\">","protected":false},"excerpt":{"rendered":"<p>Entre as capitais, a temperatura m\u00ednima prevista ser\u00e1 de 20\u00b0C, em Salvador. J\u00e1 a m\u00e1xima ser\u00e1 de 3\u00b0C, em Teresina. A umidade relativa do ar varia entre 25% e 85%<\/p>\n","protected":false},"author":1,"featured_media":45710,"comment_status":"open","ping_status":"open","sticky":false,"template":"","format":"standard","meta":{"fifu_image_url":"","fifu_image_alt":"","footnotes":""},"categories":[58],"tags":[],"class_list":["post-45709","post","type-post","status-publish","format-standard","has-post-thumbnail","hentry","category-cotidiano"],"distributor_meta":false,"distributor_terms":false,"distributor_media":false,"distributor_original_site_name":"Noticias em Destaque","distributor_original_site_url":"https:\/\/noticiasdestaque.com.br","push-errors":false,"_links":{"self":[{"href":"https:\/\/noticiasdestaque.com.br\/index.php\/wp-json\/wp\/v2\/posts\/45709","targetHints":{"allow":["GET"]}}],"collection":[{"href":"https:\/\/noticiasdestaque.com.br\/index.php\/wp-json\/wp\/v2\/posts"}],"about":[{"href":"https:\/\/noticiasdestaque.com.br\/index.php\/wp-json\/wp\/v2\/types\/post"}],"author":[{"embeddable":true,"href":"https:\/\/noticiasdestaque.com.br\/index.php\/wp-json\/wp\/v2\/users\/1"}],"replies":[{"embeddable":true,"href":"https:\/\/noticiasdestaque.com.br\/index.php\/wp-json\/wp\/v2\/comments?post=45709"}],"version-history":[{"count":0,"href":"https:\/\/noticiasdestaque.com.br\/index.php\/wp-json\/wp\/v2\/posts\/45709\/revisions"}],"wp:featuredmedia":[{"embeddable":true,"href":"https:\/\/noticiasdestaque.com.br\/index.php\/wp-json\/wp\/v2\/media\/45710"}],"wp:attachment":[{"href":"https:\/\/noticiasdestaque.com.br\/index.php\/wp-json\/wp\/v2\/media?parent=45709"}],"wp:term":[{"taxonomy":"category","embeddable":true,"href":"https:\/\/noticiasdestaque.com.br\/index.php\/wp-json\/wp\/v2\/categories?post=45709"},{"taxonomy":"post_tag","embeddable":true,"href":"https:\/\/noticiasdestaque.com.br\/index.php\/wp-json\/wp\/v2\/tags?post=45709"}],"curies":[{"name":"wp","href":"https:\/\/api.w.org\/{rel}","templated":true}]}}