{"id":45703,"date":"2025-09-05T04:05:00","date_gmt":"2025-09-05T07:05:00","guid":{"rendered":"https:\/\/noticiasdestaque.com.br\/index.php\/2025\/09\/05\/projeto-que-proibe-descontos-de-sindicatos-na-folha-de-aposentados-do-inss-vai-ao-senado\/"},"modified":"2025-09-05T04:05:00","modified_gmt":"2025-09-05T07:05:00","slug":"projeto-que-proibe-descontos-de-sindicatos-na-folha-de-aposentados-do-inss-vai-ao-senado","status":"publish","type":"post","link":"https:\/\/noticiasdestaque.com.br\/index.php\/2025\/09\/05\/projeto-que-proibe-descontos-de-sindicatos-na-folha-de-aposentados-do-inss-vai-ao-senado\/","title":{"rendered":"Projeto que pro\u00edbe descontos de sindicatos na folha de aposentados do INSS vai ao Senado"},"content":{"rendered":"<p>\t\t\t\t\t\t\t\t\t\t<audio controls class=\"b61_audio_player\" data-noticia=\"84413\" src=\"https:\/\/brasil61.com\/rails\/active_storage\/blobs\/eyJfcmFpbHMiOnsibWVzc2FnZSI6IkJBaHBBMHFXQXc9PSIsImV4cCI6bnVsbCwicHVyIjoiYmxvYl9pZCJ9fQ==--fd9731807c84b7fb57947f9bff07f535ef83b72d\/BRAS2514655A\"><\/audio><\/p>\n<p><strong>Os descontos de sindicatos na folha de pagamento de aposentados do Instituto Nacional do Seguro Social (<a href=\"https:\/\/www.gov.br\/inss\/pt-br\" target=\"_blank\">INSS<\/a>) ser\u00e3o proibidos<\/strong>, conforme estabelece o <a href=\"http:\/\/Projeto de Lei (PL 1546\/24)\" target=\"_blank\">Projeto de Lei (PL 1546\/24)<\/a>. A proibi\u00e7\u00e3o da cobran\u00e7a nos benef\u00edcios tamb\u00e9m inclui mensalidades de associa\u00e7\u00f5es, entidades de classe ou organiza\u00e7\u00f5es de aposentados e pensionistas, <strong>mesmo com autoriza\u00e7\u00e3o expressa do benefici\u00e1rio.<\/strong><\/p>\n<\/p>\n<p>O especialista em Direito Previdenci\u00e1rio e mestre em Direito das Rela\u00e7\u00f5es Sociais e Trabalhistas e CEO da WB Cursos, Washington Barbosa, explica<strong> quais descontos ficar\u00e3o permitidos.<\/strong><\/p>\n<p>\u201cSomente os d\u00e9bitos do governo, d\u00e9bito de valores recebidos a mais, d\u00e9bito de incoer\u00eancias do pr\u00f3prio governo, devolu\u00e7\u00f5es, esses aspectos. E al\u00e9m disso, vai ficar o empr\u00e9stimo consignado feito pelos bancos\u201d, menciona.<\/p>\n<p>O texto \u00e9 de iniciativa do deputado Murilo Galdino (Republicanos-PB) e recebeu relat\u00f3rio pela aprova\u00e7\u00e3o pelo deputado Danilo Forte (Uni\u00e3o-CE). <strong>Agora, a proposta segue para an\u00e1lise no Senado.<\/strong><\/p>\n<h2>Ressarcimento<\/h2>\n<p>A proposta estabelece que a institui\u00e7\u00e3o financeira ou sociedade de arrendamento mercantil que realizar desconto indevido dever\u00e1 <strong>restituir o valor integral atualizado ao benefici\u00e1rio no prazo de 30 dias<\/strong> da notifica\u00e7\u00e3o da irregularidade pelo INSS. A restitui\u00e7\u00e3o tamb\u00e9m pode ocorrer a partir da decis\u00e3o administrativa definitiva que reconhecer a cobran\u00e7a indevida.<\/p>\n<p>Caso n\u00e3o realize a devolu\u00e7\u00e3o, o INSS assumir\u00e1 o pagamento e cobrar\u00e1 da institui\u00e7\u00e3o financeira. No cen\u00e1rio em que o instituto n\u00e3o obtenha sucesso na a\u00e7\u00e3o regressiva contra a institui\u00e7\u00e3o financeira, o PL permite o acesso ao Fundo Garantidor de Cr\u00e9ditos (FGC) utilizado pelo sistema financeiro para bancar, com aportes das pr\u00f3prias institui\u00e7\u00f5es do sistema, alguns tipos de t\u00edtulos do mercado com garantia do fundo\u00a0\u00a0\u2013 como CDB.<\/p>\n<p>O presidente da Associa\u00e7\u00e3o Brasileira de Defesa dos Clientes e Consumidores de Opera\u00e7\u00f5es Financeiras e Banc\u00e1rias (<a href=\"https:\/\/abradeb.com.br\/\">Abradeb<\/a>), Raimundo Nonato, destaca a import\u00e2ncia do projeto para os aposentados e pensionistas do INSS.<\/p>\n<p>\u201cA proposta \u00e9 importante porque protege os aposentados do desconto dos indevidos e abusivos, garantindo a preserva\u00e7\u00e3o da renda e seguran\u00e7a financeira. Al\u00e9m disso, agiliza o processo no INSS ao retirar responsabilidade da autarquia pela fiscaliza\u00e7\u00e3o detalhada desses descontos, permitindo atendimento mais eficiente\u201d, afirma.<\/p>\n<p>Entre os dispositivos, <strong>o PL prev\u00ea que o INSS deve fazer busca ativa para localizar e identificar os benefici\u00e1rios lesados por descontos irregulares. <\/strong>A previs\u00e3o \u00e9 de que grupos de popula\u00e7\u00f5es vulner\u00e1veis e localidades de dif\u00edcil acesso tenham prioridade.<\/p>\n<p><strong>Confira como os procedimentos de busca ativa poder\u00e3o ocorrer:<\/strong><\/p>\n<ul>\n<li>Auditorias realizadas por \u00f3rg\u00e3os de controle;<\/li>\n<li>Volume relevante de reclama\u00e7\u00f5es;<\/li>\n<li>Den\u00fancias;<\/li>\n<li>A\u00e7\u00f5es judiciais;\u00a0<\/li>\n<li>Solicita\u00e7\u00f5es de exclus\u00e3o de descontos n\u00e3o autorizados.<\/li>\n<\/ul>\n<h2>Biometria para empr\u00e9stimos consignados<\/h2>\n<p>Entre as novidades, o <strong>projeto endurece os procedimentos para realiza\u00e7\u00e3o de empr\u00e9stimos consignados<\/strong>. O texto aumenta as exig\u00eancias para acesso a esse tipo de cr\u00e9dito ao determinar que os descontos desses empr\u00e9stimos s\u00f3 ocorram mediante<strong> autoriza\u00e7\u00e3o pr\u00e9via, pessoal e espec\u00edfica do benefici\u00e1rio por meio de termo autenticado.<\/strong><\/p>\n<p>A autentica\u00e7\u00e3o dever\u00e1 ser feita exclusivamente com <strong>biometria<\/strong>, reconhecimento facial ou impress\u00e3o digital e assinatura eletr\u00f4nica qualificada ou autentica\u00e7\u00e3o de m\u00faltiplos fatores.<\/p>\n<p>As novas medidas previstas pro\u00edbem a contrata\u00e7\u00e3o de cr\u00e9dito consignado ou o desbloqueio por procura\u00e7\u00e3o ou por central telef\u00f4nica.<\/p>\n<p>\u201cEssas medidas evitam os preju\u00edzos aos aposentados aumentando a transpar\u00eancia e seguran\u00e7a das opera\u00e7\u00f5es\u201d, avalia Raimundo Nonato, presidente da Abradeb.<\/p>\n<p>Na avalia\u00e7\u00e3o do especialista Washington Barbosa, os dispositivos propostos j\u00e1 deveriam estar em vigor, j\u00e1 que garantem a prote\u00e7\u00e3o aos direitos previdenci\u00e1rios dos aposentados.<\/p>\n<p>\u201cO projeto, a meu ver, defende as pessoas idosas, ele defende as pessoas humildes, ele vem em boa hora, e ele deveria realmente seguir essa linha, ele deveria realmente at\u00e9 tardou ter esse tipo de posi\u00e7\u00e3o\u201d, pontua Barbosa.<\/p>\n<h2>Desvio de finalidade e bancos\u00a0<\/h2>\n<p>O deputado Danilo Forte, relator do PL, disse que o uso da estrutura estatal para operacionalizar cobran\u00e7as caracteriza desvio de finalidade e mostra utiliza\u00e7\u00e3o inadequada de recursos p\u00fablicos.<\/p>\n<p>&#8220;A experi\u00eancia dos \u00faltimos anos demonstrou que a autoriza\u00e7\u00e3o para descontos associativos criou um ambiente prop\u00edcio para fraudes sist\u00eamicas, comprometendo a seguran\u00e7a dos benefici\u00e1rios, principalmente os mais vulner\u00e1veis, e a pr\u00f3pria credibilidade do INSS e da Previd\u00eancia Social&#8221;, afirmou.<\/p>\n<p>Uma das cr\u00edticas ao projeto diz respeito \u00e0<strong> falta de responsabiliza\u00e7\u00e3o aos bancos no PL \u2013 que focaliza as medidas ao INSS, conforme ressalta Raimundo Nonato:<\/strong><\/p>\n<p>\u201cA cr\u00edtica principal \u00e9 que o projeto responsabiliza o INSS pelos descontos indevidos, mas n\u00e3o imp\u00f5e a mesma obriga\u00e7\u00e3o diretamente aos bancos, que podem continuar fazendo empr\u00e9stimos via consignado para os aposentados, inclusive a dispar\u00e7\u00e3o do benef\u00edcio, sem restri\u00e7\u00f5es iguais. O projeto n\u00e3o cria novas modalidades de empr\u00e9stimo, apenas mant\u00e9m as exist\u00eancias com regras mais rigorosas de autoriza\u00e7\u00e3o.\u201d<\/p>\n<p>\t\t\t\t\t\t\t\t\t<img loading=\"lazy\" decoding=\"async\" src=\"https:\/\/brasil61.com\/api\/v1\/serve_pixel\/17677\/84413\" alt=\"Pixel Brasil 61\" class=\"b61_pixel\" width=\"0\" height=\"0\"><\/p>\n<input type=\"hidden\" id=\"baseurl\" value=\"https:\/\/noticiasdestaque.com.br\"><input type=\"hidden\" id=\"audio_nonce\" value=\"6a24ca502e\">","protected":false},"excerpt":{"rendered":"<p>Proposta tamb\u00e9m aumenta exig\u00eancias para empr\u00e9stimos consignados; especialistas apontam que medidas devem evitar os preju\u00edzos aos benefici\u00e1rios e aumentam transpar\u00eancia e seguran\u00e7a das opera\u00e7\u00f5es<\/p>\n","protected":false},"author":1,"featured_media":45704,"comment_status":"open","ping_status":"open","sticky":false,"template":"","format":"standard","meta":{"fifu_image_url":"","fifu_image_alt":"","footnotes":""},"categories":[50],"tags":[],"class_list":["post-45703","post","type-post","status-publish","format-standard","has-post-thumbnail","hentry","category-politica"],"distributor_meta":false,"distributor_terms":false,"distributor_media":false,"distributor_original_site_name":"Noticias em Destaque","distributor_original_site_url":"https:\/\/noticiasdestaque.com.br","push-errors":false,"_links":{"self":[{"href":"https:\/\/noticiasdestaque.com.br\/index.php\/wp-json\/wp\/v2\/posts\/45703","targetHints":{"allow":["GET"]}}],"collection":[{"href":"https:\/\/noticiasdestaque.com.br\/index.php\/wp-json\/wp\/v2\/posts"}],"about":[{"href":"https:\/\/noticiasdestaque.com.br\/index.php\/wp-json\/wp\/v2\/types\/post"}],"author":[{"embeddable":true,"href":"https:\/\/noticiasdestaque.com.br\/index.php\/wp-json\/wp\/v2\/users\/1"}],"replies":[{"embeddable":true,"href":"https:\/\/noticiasdestaque.com.br\/index.php\/wp-json\/wp\/v2\/comments?post=45703"}],"version-history":[{"count":0,"href":"https:\/\/noticiasdestaque.com.br\/index.php\/wp-json\/wp\/v2\/posts\/45703\/revisions"}],"wp:featuredmedia":[{"embeddable":true,"href":"https:\/\/noticiasdestaque.com.br\/index.php\/wp-json\/wp\/v2\/media\/45704"}],"wp:attachment":[{"href":"https:\/\/noticiasdestaque.com.br\/index.php\/wp-json\/wp\/v2\/media?parent=45703"}],"wp:term":[{"taxonomy":"category","embeddable":true,"href":"https:\/\/noticiasdestaque.com.br\/index.php\/wp-json\/wp\/v2\/categories?post=45703"},{"taxonomy":"post_tag","embeddable":true,"href":"https:\/\/noticiasdestaque.com.br\/index.php\/wp-json\/wp\/v2\/tags?post=45703"}],"curies":[{"name":"wp","href":"https:\/\/api.w.org\/{rel}","templated":true}]}}