{"id":45701,"date":"2025-09-05T04:55:00","date_gmt":"2025-09-05T07:55:00","guid":{"rendered":"https:\/\/noticiasdestaque.com.br\/index.php\/2025\/09\/05\/gasto-brasil-escancara-gasto-publico-acima-de-r-35-trilhoes-previdencia-ja-passa-de-r-988-bilhoes\/"},"modified":"2025-09-05T04:55:00","modified_gmt":"2025-09-05T07:55:00","slug":"gasto-brasil-escancara-gasto-publico-acima-de-r-35-trilhoes-previdencia-ja-passa-de-r-988-bilhoes","status":"publish","type":"post","link":"https:\/\/noticiasdestaque.com.br\/index.php\/2025\/09\/05\/gasto-brasil-escancara-gasto-publico-acima-de-r-35-trilhoes-previdencia-ja-passa-de-r-988-bilhoes\/","title":{"rendered":"Gasto Brasil escancara gasto p\u00fablico acima de R$ 3,5 trilh\u00f5es \u2014 Previd\u00eancia j\u00e1 passa de R$ 988 bilh\u00f5es"},"content":{"rendered":"<p>\t\t\t\t\t\t\t\t\t\t<audio controls class=\"b61_audio_player\" data-noticia=\"84405\" src=\"https:\/\/brasil61.com\/rails\/active_storage\/blobs\/eyJfcmFpbHMiOnsibWVzc2FnZSI6IkJBaHBBeitXQXc9PSIsImV4cCI6bnVsbCwicHVyIjoiYmxvYl9pZCJ9fQ==--1a23e6eb83f77d3898ec2e43891d9fc28897af0b\/CACB250056A\"><\/audio><\/p>\n<p>Na vitrine de <a href=\"https:\/\/brasil61.com\/n\/gasto-brasil-nova-ferramenta-exibe-despesas-publicas-em-tempo-real-e-reforca-controle-social-cacb250001\">uma grande cidade<\/a>, um painel eletr\u00f4nico marca n\u00fameros que avan\u00e7am sem parar. N\u00e3o \u00e9 d\u00f3lar, nem \u00edndice da Bolsa. \u00c9 o rel\u00f3gio do gasto p\u00fablico brasileiro: a cada segundo, a conta das despesas da Uni\u00e3o, dos estados, dos munic\u00edpios e do Distrito Federal s\u00f3 aumenta.<\/p>\n<p>O <a href=\"https:\/\/gastobrasil.com.br\/\">Gasto Brasil<\/a>, ferramenta criada pela Confedera\u00e7\u00e3o das Associa\u00e7\u00f5es Comerciais e Empresariais do Brasil (<a href=\"https:\/\/cacb.org.br\/\">CACB<\/a>) em parceria com a Associa\u00e7\u00e3o Comercial de S\u00e3o Paulo (<a href=\"https:\/\/acsp.com.br\/\">ACSP<\/a>), traduz em tempo real essa escalada, que j\u00e1 soma cifras trilion\u00e1rias. O valor ultrapassou os R$ 3,5 trilh\u00f5es, no come\u00e7o de setembro, sendo R$ 988 bilh\u00f5es apenas em Previd\u00eancia Social \u2014 item que sozinho consome quase um ter\u00e7o do or\u00e7amento.<\/p>\n<p>Para Andr\u00e9 Amaral, presidente da Associa\u00e7\u00e3o Comercial da Para\u00edba, a for\u00e7a da plataforma est\u00e1 em transformar estat\u00edsticas complexas em algo palp\u00e1vel para a sociedade.<\/p>\n<p>\u201c\u00c9 uma iniciativa muito importante, onde as pessoas podem, de fato, visualizar. Muitas vezes, quando olhamos pesquisas e n\u00fameros, fica muito dif\u00edcil, para quem \u00e9 leigo e est\u00e1 na ponta da sociedade, entender onde est\u00e1 sendo gasto e como est\u00e1 sendo gasto.\u201d<\/p>\n<p>O dirigente lembra ainda que os n\u00fameros projetados em tempo real t\u00eam o poder de provocar reflex\u00e3o e cobran\u00e7a. \u201cMensurar dinheiro \u00e9 muito dif\u00edcil, principalmente no momento em que vivemos, em que as pessoas quase n\u00e3o t\u00eam mais acesso ao dinheiro f\u00edsico. Mas aquele painel, com aquela quantidade de n\u00fameros, gera um impacto. Isso provoca um sentimento de cidadania e de cobran\u00e7a muito grande no cora\u00e7\u00e3o de cada cidad\u00e3o.\u201d<\/p>\n<h2>O alerta dos economistas<\/h2>\n<p>Mais do que n\u00fameros, o Gasto Brasil exp\u00f5e o debate sobre o futuro da economia brasileira. Para o economista Allan Gallo, professor da <a href=\"https:\/\/www.mackenzie.br\/\">Universidade Presbiteriana Mackenzie<\/a>, enquanto o governo n\u00e3o encarar de frente a quest\u00e3o fiscal, o Banco Central seguir\u00e1 de m\u00e3os atadas.<\/p>\n<p>\u201cO problema, enquanto o governo se recusar a enfrentar a quest\u00e3o do rombo fiscal e preferir ficar relativizando as estat\u00edsticas que o pr\u00f3prio governo divulga, o Banco Central vai continuar sem espa\u00e7o para cortar juros de forma consistente\u201d, avalia Gallo.<\/p>\n<p>E os juros altos, na opini\u00e3o de Alfredo Cotait, presidente da CACB, s\u00e3o justamente o entrave para o crescimento do pa\u00eds. \u201cH\u00e1 um desequil\u00edbrio. Se gast\u00e1ssemos apenas o que arrecadamos, n\u00e3o ter\u00edamos infla\u00e7\u00e3o e a taxa de juros seria 2,33%. Assim como o Impost\u00f4metro foi um processo educativo, o Gasto Brasil tamb\u00e9m \u00e9 mais um processo educativo para mostrar \u00e0 sociedade que ela precisa participar e se manifestar. N\u00f3s estamos deixando uma conta muito cara para o futuro\u201d, declara Cotait. \u00a0 \u00a0<\/p>\n<p>Opini\u00e3o compartilhada pelo professor Allan Gallo. \u201cSem reforma, sem credibilidade fiscal e com juros altos que acabam corroendo o investimento produtivo, o Brasil vai continuar preso nesse ciclo de mediocridade que n\u00e3o acaba\u201d, define.<\/p>\n<h2>Estado necess\u00e1rio<\/h2>\n<p>Ao lado das cr\u00edticas t\u00e9cnicas, Andr\u00e9 Amaral acrescenta uma reflex\u00e3o pol\u00edtica. \u201cNa Para\u00edba, a Associa\u00e7\u00e3o Comercial n\u00e3o defende nem o Estado m\u00e1ximo, nem o Estado m\u00ednimo. Defende o Estado necess\u00e1rio. E justamente na constru\u00e7\u00e3o desse Estado necess\u00e1rio, o governo precisa arrecadar. Mas a gente tamb\u00e9m precisa saber quanto est\u00e1 arrecadando, por que est\u00e1 arrecadando, de quem est\u00e1 arrecadando e como esse dinheiro est\u00e1 sendo gasto.\u201d<\/p>\n<p>Enquanto isso, o Gasto Brasil segue marcando. Um lembrete constante de que, sem ajustes estruturais, o tempo corre e a conta s\u00f3 cresce.<br \/>\n\u00a0<\/p>\n<p>\t\t\t\t\t\t\t\t\t<img loading=\"lazy\" decoding=\"async\" src=\"https:\/\/brasil61.com\/api\/v1\/serve_pixel\/17677\/84405\" alt=\"Pixel Brasil 61\" class=\"b61_pixel\" width=\"0\" height=\"0\"><\/p>\n<input type=\"hidden\" id=\"baseurl\" value=\"https:\/\/noticiasdestaque.com.br\"><input type=\"hidden\" id=\"audio_nonce\" value=\"6f73a554f1\">","protected":false},"excerpt":{"rendered":"<p>Ferramenta da CACB e da Associa\u00e7\u00e3o Comercial de S\u00e3o Paulo mostra em tempo real a escalada das despesas; especialistas alertam para o peso do rombo fiscal e a necessidade de responsabilidade nos gastos<\/p>\n","protected":false},"author":1,"featured_media":45702,"comment_status":"open","ping_status":"open","sticky":false,"template":"","format":"standard","meta":{"fifu_image_url":"","fifu_image_alt":"","footnotes":""},"categories":[59],"tags":[],"class_list":["post-45701","post","type-post","status-publish","format-standard","has-post-thumbnail","hentry","category-economia"],"distributor_meta":false,"distributor_terms":false,"distributor_media":false,"distributor_original_site_name":"Noticias em Destaque","distributor_original_site_url":"https:\/\/noticiasdestaque.com.br","push-errors":false,"_links":{"self":[{"href":"https:\/\/noticiasdestaque.com.br\/index.php\/wp-json\/wp\/v2\/posts\/45701","targetHints":{"allow":["GET"]}}],"collection":[{"href":"https:\/\/noticiasdestaque.com.br\/index.php\/wp-json\/wp\/v2\/posts"}],"about":[{"href":"https:\/\/noticiasdestaque.com.br\/index.php\/wp-json\/wp\/v2\/types\/post"}],"author":[{"embeddable":true,"href":"https:\/\/noticiasdestaque.com.br\/index.php\/wp-json\/wp\/v2\/users\/1"}],"replies":[{"embeddable":true,"href":"https:\/\/noticiasdestaque.com.br\/index.php\/wp-json\/wp\/v2\/comments?post=45701"}],"version-history":[{"count":0,"href":"https:\/\/noticiasdestaque.com.br\/index.php\/wp-json\/wp\/v2\/posts\/45701\/revisions"}],"wp:featuredmedia":[{"embeddable":true,"href":"https:\/\/noticiasdestaque.com.br\/index.php\/wp-json\/wp\/v2\/media\/45702"}],"wp:attachment":[{"href":"https:\/\/noticiasdestaque.com.br\/index.php\/wp-json\/wp\/v2\/media?parent=45701"}],"wp:term":[{"taxonomy":"category","embeddable":true,"href":"https:\/\/noticiasdestaque.com.br\/index.php\/wp-json\/wp\/v2\/categories?post=45701"},{"taxonomy":"post_tag","embeddable":true,"href":"https:\/\/noticiasdestaque.com.br\/index.php\/wp-json\/wp\/v2\/tags?post=45701"}],"curies":[{"name":"wp","href":"https:\/\/api.w.org\/{rel}","templated":true}]}}