{"id":45699,"date":"2025-09-05T04:50:00","date_gmt":"2025-09-05T07:50:00","guid":{"rendered":"https:\/\/noticiasdestaque.com.br\/index.php\/2025\/09\/05\/tributacao-de-dividendos-pode-afetar-investimentos-no-brasil-alertam-especialistas-e-entidades\/"},"modified":"2025-09-05T04:50:00","modified_gmt":"2025-09-05T07:50:00","slug":"tributacao-de-dividendos-pode-afetar-investimentos-no-brasil-alertam-especialistas-e-entidades","status":"publish","type":"post","link":"https:\/\/noticiasdestaque.com.br\/index.php\/2025\/09\/05\/tributacao-de-dividendos-pode-afetar-investimentos-no-brasil-alertam-especialistas-e-entidades\/","title":{"rendered":"Tributa\u00e7\u00e3o de dividendos pode afetar investimentos no Brasil, alertam especialistas e entidades"},"content":{"rendered":"<p>\t\t\t\t\t\t\t\t\t\t<audio controls class=\"b61_audio_player\" data-noticia=\"84422\" src=\"https:\/\/brasil61.com\/rails\/active_storage\/blobs\/eyJfcmFpbHMiOnsibWVzc2FnZSI6IkJBaHBBMDJXQXc9PSIsImV4cCI6bnVsbCwicHVyIjoiYmxvYl9pZCJ9fQ==--b736bba290f70bc5247b43988df9102fed9b01ac\/CACB250057A\"><\/audio><\/p>\n<p>O debate em torno do <a href=\"https:\/\/www.camara.leg.br\/proposicoesWeb\/fichadetramitacao?idProposicao=2487436\"><strong>Projeto de Lei 1.087\/2025<\/strong><\/a>, em discuss\u00e3o no <strong>Congresso Nacional<\/strong>, est\u00e1 mobilizando entidades empresariais e especialistas em Direito Tribut\u00e1rio. <strong>A proposta que amplia a faixa de isen\u00e7\u00e3o do Imposto de Renda da Pessoa F\u00edsica (IRPF) para quem recebe at\u00e9 R$ 5 mil mensais abre espa\u00e7o para a volta da tributa\u00e7\u00e3o sobre lucros e dividendos \u2014 extinta no Brasil desde 1996.<\/strong><\/p>\n<p>Se aprovado, <strong>o texto estabelece al\u00edquota de 10% sobre dividendos pagos por pessoas jur\u00eddicas a pessoas f\u00edsicas, sempre que o valor for igual ou superior a R$ 50 mil por m\u00eas, ou R$ 600 mil por ano<\/strong>.<\/p>\n<h2>Cr\u00edticas do setor produtivo<\/h2>\n<p>Para a <strong>Confedera\u00e7\u00e3o das Associa\u00e7\u00f5es Comerciais e Empresariais do Brasil (<a href=\"https:\/\/cacb.org.br\/\">CACB<\/a>), a Associa\u00e7\u00e3o Comercial de S\u00e3o Paulo (<a href=\"https:\/\/acsp.com.br\/\">ACSP<\/a>) e a <a href=\"https:\/\/www.fecomercio.com.br\/\">FecomercioSP<\/a>, a medida corrige uma distor\u00e7\u00e3o hist\u00f3rica da tabela do IRPF, mas amea\u00e7a investimentos e empregos ao restabelecer um modelo que pode gerar inseguran\u00e7a jur\u00eddica, evas\u00e3o fiscal e aumento da litigiosidade<\/strong>.<\/p>\n<p>As entidades afirmam que, hoje, as <strong>empresas j\u00e1 arcam com uma carga de 34% sobre o lucro (IRPJ e CSLL), al\u00e9m de PIS, Cofins, ISS e ICMS<\/strong>. A <strong>tributa\u00e7\u00e3o adicional sobre dividendos<\/strong>, segundo o <strong><a href=\"https:\/\/cacb.org.br\/correcao-do-limite-de-isencao-do-irpf-e-necessaria-mas-nao-as-custas-do-investimento-produtivo-dizem-acsp-cacb-e-fecomerciosp\/\">manifesto <\/a><\/strong>divulgado nesta semana, <strong>\u201ccontraria os princ\u00edpios de simplicidade e transpar\u00eancia tribut\u00e1ria\u201d e coloca em risco especialmente micro, pequenas e m\u00e9dias empresas \u2014 respons\u00e1veis por boa parte da gera\u00e7\u00e3o de empregos e inova\u00e7\u00e3o no pa\u00eds<\/strong>.<\/p>\n<p>\u201cO governo precisa dar sua parcela de contribui\u00e7\u00e3o com redu\u00e7\u00e3o do gasto p\u00fablico. N\u00e3o \u00e9 justo transferir essa conta para o setor produtivo, que j\u00e1 sustenta uma carga pesada\u201d, refor\u00e7a Alfredo Cotait Neto, presidente da CACB.<\/p>\n<h2>O que dizem os especialistas<\/h2>\n<p>O advogado tributarista e mestre em Direito pela PUC-SP, Thulio Carvalho, destaca que h\u00e1 duas quest\u00f5es distintas em jogo: a justi\u00e7a tribut\u00e1ria para pessoas f\u00edsicas e o risco de retrocesso no ambiente de neg\u00f3cios.<\/p>\n<p>\u201cUma coisa \u00e9 atualizar a tabela do Imposto de Renda da pessoa f\u00edsica, que de fato est\u00e1 defasada e gera aumento indireto de carga. Outra coisa totalmente diferente \u00e9 criar um imposto sobre dividendos, que n\u00e3o existe hoje e traria mais complexidade sem resolver o problema\u201d, explica.<\/p>\n<p>Segundo Carvalho, a meta poderia ser atingida de maneira mais simples: \u201cEsse objetivo poderia ser alcan\u00e7ado por meio de ajustes de al\u00edquota no IRPF, sem necessidade de uma nova incid\u00eancia sobre dividendos, que acaba punindo a competitividade das empresas brasileiras.\u201d<\/p>\n<p>Pensamento que o vice-presidente jur\u00eddico da CACB, Anderson Trautman, compartilha.\u00a0\u201cUtilizar o aumento da carga tribut\u00e1ria para viabilizar a medida, na nossa \u00f3tica, significa tirar competitividade das empresas brasileiras, especialmente dos pequenos neg\u00f3cios.\u201d<\/p>\n<h2>O que pode acontecer se o PL for aprovado<\/h2>\n<p>Caso a proposta seja convertida em lei, especialistas projetam um cen\u00e1rio de maior inseguran\u00e7a jur\u00eddica, com espa\u00e7o para interpreta\u00e7\u00f5es sobre a chamada Distribui\u00e7\u00e3o Disfar\u00e7ada de Lucros (DDL). Al\u00e9m disso, haveria impacto direto nos investimentos produtivos, reduzindo a atratividade do Brasil no cen\u00e1rio internacional e criando obst\u00e1culos extras para o crescimento econ\u00f4mico.<\/p>\n<p>Na pr\u00e1tica, o risco \u00e9 de que a medida resolva parcialmente uma injusti\u00e7a fiscal \u2014 a defasagem da tabela do IRPF \u2014, mas crie um problema maior: mais complexidade tribut\u00e1ria, menos competitividade e poss\u00edvel retra\u00e7\u00e3o nos investimentos privados.<br \/>\n\u00a0<\/p>\n<p>\t\t\t\t\t\t\t\t\t<img loading=\"lazy\" decoding=\"async\" src=\"https:\/\/brasil61.com\/api\/v1\/serve_pixel\/17677\/84422\" alt=\"Pixel Brasil 61\" class=\"b61_pixel\" width=\"0\" height=\"0\"><\/p>\n<input type=\"hidden\" id=\"baseurl\" value=\"https:\/\/noticiasdestaque.com.br\"><input type=\"hidden\" id=\"audio_nonce\" value=\"6f73a554f1\">","protected":false},"excerpt":{"rendered":"<p>PL 1.087\/2025 prev\u00ea al\u00edquota de 10% sobre lucros distribu\u00eddos, enquanto amplia faixa de isen\u00e7\u00e3o do IRPF; setor produtivo v\u00ea risco de inseguran\u00e7a jur\u00eddica e retra\u00e7\u00e3o econ\u00f4mica<\/p>\n","protected":false},"author":1,"featured_media":45700,"comment_status":"open","ping_status":"open","sticky":false,"template":"","format":"standard","meta":{"fifu_image_url":"","fifu_image_alt":"","footnotes":""},"categories":[59],"tags":[],"class_list":["post-45699","post","type-post","status-publish","format-standard","has-post-thumbnail","hentry","category-economia"],"distributor_meta":false,"distributor_terms":false,"distributor_media":false,"distributor_original_site_name":"Noticias em Destaque","distributor_original_site_url":"https:\/\/noticiasdestaque.com.br","push-errors":false,"_links":{"self":[{"href":"https:\/\/noticiasdestaque.com.br\/index.php\/wp-json\/wp\/v2\/posts\/45699","targetHints":{"allow":["GET"]}}],"collection":[{"href":"https:\/\/noticiasdestaque.com.br\/index.php\/wp-json\/wp\/v2\/posts"}],"about":[{"href":"https:\/\/noticiasdestaque.com.br\/index.php\/wp-json\/wp\/v2\/types\/post"}],"author":[{"embeddable":true,"href":"https:\/\/noticiasdestaque.com.br\/index.php\/wp-json\/wp\/v2\/users\/1"}],"replies":[{"embeddable":true,"href":"https:\/\/noticiasdestaque.com.br\/index.php\/wp-json\/wp\/v2\/comments?post=45699"}],"version-history":[{"count":0,"href":"https:\/\/noticiasdestaque.com.br\/index.php\/wp-json\/wp\/v2\/posts\/45699\/revisions"}],"wp:featuredmedia":[{"embeddable":true,"href":"https:\/\/noticiasdestaque.com.br\/index.php\/wp-json\/wp\/v2\/media\/45700"}],"wp:attachment":[{"href":"https:\/\/noticiasdestaque.com.br\/index.php\/wp-json\/wp\/v2\/media?parent=45699"}],"wp:term":[{"taxonomy":"category","embeddable":true,"href":"https:\/\/noticiasdestaque.com.br\/index.php\/wp-json\/wp\/v2\/categories?post=45699"},{"taxonomy":"post_tag","embeddable":true,"href":"https:\/\/noticiasdestaque.com.br\/index.php\/wp-json\/wp\/v2\/tags?post=45699"}],"curies":[{"name":"wp","href":"https:\/\/api.w.org\/{rel}","templated":true}]}}