{"id":45671,"date":"2025-09-04T04:10:00","date_gmt":"2025-09-04T07:10:00","guid":{"rendered":"https:\/\/noticiasdestaque.com.br\/index.php\/2025\/09\/04\/municipios-com-guarda-municipal-podem-ter-acesso-a-recursos-do-fnsp\/"},"modified":"2025-09-04T04:10:00","modified_gmt":"2025-09-04T07:10:00","slug":"municipios-com-guarda-municipal-podem-ter-acesso-a-recursos-do-fnsp","status":"publish","type":"post","link":"https:\/\/noticiasdestaque.com.br\/index.php\/2025\/09\/04\/municipios-com-guarda-municipal-podem-ter-acesso-a-recursos-do-fnsp\/","title":{"rendered":"Munic\u00edpios com guarda municipal podem ter acesso a recursos do FNSP"},"content":{"rendered":"<p>\t\t\t\t\t\t\t\t\t\t<audio controls class=\"b61_audio_player\" data-noticia=\"84392\" src=\"https:\/\/brasil61.com\/rails\/active_storage\/blobs\/eyJfcmFpbHMiOnsibWVzc2FnZSI6IkJBaHBBNk9WQXc9PSIsImV4cCI6bnVsbCwicHVyIjoiYmxvYl9pZCJ9fQ==--98f6ee72f81349c08bab320573025959b507fc37\/BRAS2514649A\"><\/audio><\/p>\n<p>Atualmente, os recursos do <a href=\"https:\/\/www.gov.br\/mj\/pt-br\/assuntos\/sua-seguranca\/seguranca-publica\/Senasp-1\/fundo-nacional-de-seguranca-publica\"><strong>Fundo Nacional de Seguran\u00e7a P\u00fablica (FNSP)<\/strong><\/a> s\u00e3o destinados prioritariamente \u00e0 <strong>Uni\u00e3o, estados e ao Distrito Federal<\/strong>. Por\u00e9m, um o Projeto de Lei <a href=\"https:\/\/www.camara.leg.br\/proposicoesWeb\/fichadetramitacao?idProposicao=2494525\">1478\/2025 <\/a>em an\u00e1lise no <strong>Congresso Nacional <\/strong>busca ampliar o alcance desses repasses, incluindo <strong>munic\u00edpios <\/strong>que tenham <strong>guarda municipal <\/strong>em sua estrutura de seguran\u00e7a.\u00a0<\/p>\n<\/p>\n<p style=\"text-align: justify\">A proposta estabelece que, para receber os recursos, os munic\u00edpios dever\u00e3o atender a requisitos semelhantes aos j\u00e1 cobrados dos estados, como a exist\u00eancia de plano local de seguran\u00e7a p\u00fablica. Os valores ser\u00e3o destinados a compra de equipamentos, capacita\u00e7\u00e3o de agentes e constru\u00e7\u00e3o de delegacias com a inten\u00e7\u00e3o \u00e9 fortalecer o papel das guardas municipais no apoio \u00e0s a\u00e7\u00f5es de preven\u00e7\u00e3o e combate \u00e0 criminalidade.\u00a0<\/p>\n<h2 style=\"text-align: justify\">Quem tem direito ao FNSP?<\/h2>\n<p style=\"text-align: justify\">De acordo com a <a href=\"https:\/\/www.gov.br\/secom\/pt-br\"><strong>Secretaria de Comunica\u00e7\u00e3o Social <\/strong><\/a>do governo federal, <strong>ter\u00e3o acesso aos recursos do fundo os entes federados que tenham institu\u00eddo plano local de seguran\u00e7a p\u00fablica e os integrantes do <a href=\"https:\/\/www.gov.br\/mj\/pt-br\/acesso-a-informacao\/perguntas-frequentes\/seguranca_publica\/sinesp\">Sistema Nacional de Informa\u00e7\u00f5es de Seguran\u00e7a P\u00fablica, Prisionais e sobre Drogas (Sinesp)<\/a> <\/strong>que cumprirem os prazos estabelecidos pelo \u00f3rg\u00e3o competente para o fornecimento de dados e informa\u00e7\u00f5es ao Sistema.<\/p>\n<p style=\"text-align: justify\"><a href=\"https:\/\/brasil61.com\/n\/seguranca-guarda-civil-municipal-nao-esta-presente-em-76-67-dos-municipios-bras2412972\"><strong>VEJA MAIS:\u00a0<\/strong>Seguran\u00e7a: guarda civil municipal n\u00e3o est\u00e1 presente em 76,67% dos munic\u00edpios<\/a><\/p>\n<p style=\"text-align: justify\">O especialista em or\u00e7amento p\u00fablico Cesar Lima lembra que, desde a reestrutura\u00e7\u00e3o do fundo em 2019, 50% dos valores s\u00e3o destinados aos planos estaduais de seguran\u00e7a p\u00fablica, enquanto a outra metade deve ser aplicada fora desse planejamento. No entanto, avalia que ainda existe um descompasso entre o volume de recursos dispon\u00edveis e o que de fato chega a ser utilizado.\u00a0<\/p>\n<p style=\"text-align: justify\">\u201c\u00c9 interessante ver que, nem sempre o que \u00e9 repassado \u00e9 executado. Ent\u00e3o h\u00e1 uma discrep\u00e2ncia em rela\u00e7\u00e3o \u00e0 execu\u00e7\u00e3o dos pr\u00f3prios estados. \u00c0s vezes, por conta de processos de compras, desse tipo de coisa. Mas, os repasses do fundo t\u00eam melhorado bastante desde sua reestrutura\u00e7\u00e3o, no ano de 2019.\u201d<\/p>\n<p style=\"text-align: justify\">O Projeto de <a href=\"https:\/\/www.camara.leg.br\/proposicoesWeb\/fichadetramitacao?idProposicao=2494525\" target=\"_blank\">Lei 1478\/2025<\/a>, que trata dessa amplia\u00e7\u00e3o, foi aprovado pela comiss\u00e3o de Seguran\u00e7a P\u00fablica e Combate ao Crime Organizado da C\u00e2mara dos Deputados. O texto segue em an\u00e1lise nas comiss\u00f5es de Finan\u00e7as e Tributa\u00e7\u00e3o, e de Constitui\u00e7\u00e3o e Justi\u00e7a e de Cidadania. Caso seja aprovado, seguir\u00e1 para o Senado.\u00a0<br \/>\n\u00a0<\/p>\n<p>\t\t\t\t\t\t\t\t\t<img loading=\"lazy\" decoding=\"async\" src=\"https:\/\/brasil61.com\/api\/v1\/serve_pixel\/17677\/84392\" alt=\"Pixel Brasil 61\" class=\"b61_pixel\" width=\"0\" height=\"0\"><\/p>\n<input type=\"hidden\" id=\"baseurl\" value=\"https:\/\/noticiasdestaque.com.br\"><input type=\"hidden\" id=\"audio_nonce\" value=\"6a24ca502e\">","protected":false},"excerpt":{"rendered":"<p>Projeto de Lei em an\u00e1lise no Congresso prop\u00f5e ampliar o acesso ao fundo, para financiar a\u00e7\u00f5es locais de seguran\u00e7a em cidades que possuem guarda municipal<\/p>\n","protected":false},"author":1,"featured_media":45672,"comment_status":"open","ping_status":"open","sticky":false,"template":"","format":"standard","meta":{"fifu_image_url":"","fifu_image_alt":"","footnotes":""},"categories":[50],"tags":[],"class_list":["post-45671","post","type-post","status-publish","format-standard","has-post-thumbnail","hentry","category-politica"],"distributor_meta":false,"distributor_terms":false,"distributor_media":false,"distributor_original_site_name":"Noticias em Destaque","distributor_original_site_url":"https:\/\/noticiasdestaque.com.br","push-errors":false,"_links":{"self":[{"href":"https:\/\/noticiasdestaque.com.br\/index.php\/wp-json\/wp\/v2\/posts\/45671","targetHints":{"allow":["GET"]}}],"collection":[{"href":"https:\/\/noticiasdestaque.com.br\/index.php\/wp-json\/wp\/v2\/posts"}],"about":[{"href":"https:\/\/noticiasdestaque.com.br\/index.php\/wp-json\/wp\/v2\/types\/post"}],"author":[{"embeddable":true,"href":"https:\/\/noticiasdestaque.com.br\/index.php\/wp-json\/wp\/v2\/users\/1"}],"replies":[{"embeddable":true,"href":"https:\/\/noticiasdestaque.com.br\/index.php\/wp-json\/wp\/v2\/comments?post=45671"}],"version-history":[{"count":0,"href":"https:\/\/noticiasdestaque.com.br\/index.php\/wp-json\/wp\/v2\/posts\/45671\/revisions"}],"wp:featuredmedia":[{"embeddable":true,"href":"https:\/\/noticiasdestaque.com.br\/index.php\/wp-json\/wp\/v2\/media\/45672"}],"wp:attachment":[{"href":"https:\/\/noticiasdestaque.com.br\/index.php\/wp-json\/wp\/v2\/media?parent=45671"}],"wp:term":[{"taxonomy":"category","embeddable":true,"href":"https:\/\/noticiasdestaque.com.br\/index.php\/wp-json\/wp\/v2\/categories?post=45671"},{"taxonomy":"post_tag","embeddable":true,"href":"https:\/\/noticiasdestaque.com.br\/index.php\/wp-json\/wp\/v2\/tags?post=45671"}],"curies":[{"name":"wp","href":"https:\/\/api.w.org\/{rel}","templated":true}]}}