{"id":45665,"date":"2025-09-03T19:50:00","date_gmt":"2025-09-03T22:50:00","guid":{"rendered":"https:\/\/noticiasdestaque.com.br\/index.php\/2025\/09\/03\/previsao-do-tempo-sul-do-brasil-tera-quinta-feira-4-com-possibilidade-de-chuva-em-quase-toda-a-regiao\/"},"modified":"2025-09-03T19:50:00","modified_gmt":"2025-09-03T22:50:00","slug":"previsao-do-tempo-sul-do-brasil-tera-quinta-feira-4-com-possibilidade-de-chuva-em-quase-toda-a-regiao","status":"publish","type":"post","link":"https:\/\/noticiasdestaque.com.br\/index.php\/2025\/09\/03\/previsao-do-tempo-sul-do-brasil-tera-quinta-feira-4-com-possibilidade-de-chuva-em-quase-toda-a-regiao\/","title":{"rendered":"PREVIS\u00c3O DO TEMPO: Sul do Brasil ter\u00e1 quinta-feira (4) com possibilidade de chuva em quase toda a regi\u00e3o"},"content":{"rendered":"<p>\t\t\t\t\t\t\t\t\t\t<audio controls class=\"b61_audio_player\" data-noticia=\"84386\" src=\"https:\/\/brasil61.com\/rails\/active_storage\/blobs\/eyJfcmFpbHMiOnsibWVzc2FnZSI6IkJBaHBBNUtWQXc9PSIsImV4cCI6bnVsbCwicHVyIjoiYmxvYl9pZCJ9fQ==--d80fde49c8327c4bd5172948a58773eb635a5a2d\/PTRS254054A\"><\/audio><\/p>\n<p>No Sul do Brasil, a quinta-feira (4) poder\u00e1 ser de chuva na maior parte da regi\u00e3o. Os acumulados mais intensos ser\u00e3o notados no Rio Grande do Sul.\u00a0<\/p>\n<p>Para quase toda a unidade da federa\u00e7\u00e3o ga\u00facha, s\u00e3o esperadas pancadas de chuva e trovoadas isoladas. Essa condi\u00e7\u00e3o ser\u00e1 notada em cidades como Bossoroca e Bag\u00e9.\u00a0<\/p>\n<p>Em Santa Catarina, h\u00e1 possibilidade de chuva em todo o territ\u00f3rio do estado, principalmente mais ao oeste, em munic\u00edpios como Anchieta e Coronel Freitas.\u00a0<\/p>\n<p>No Paran\u00e1, a situa\u00e7\u00e3o \u00e9 semelhante. H\u00e1 possibilidade de chuva isolada em \u00e1reas do oeste, sudoeste, centro-sul, sudeste e parte da regi\u00e3o metropolitana.\u00a0<\/p>\n<p>Entre as capitais, a temperatura m\u00ednima prevista \u00e9 de 11\u00b0C, em Porto Alegre. J\u00e1 a m\u00e1xima pode chegar a 27\u00b0C, em Curitiba. A umidade relativa do ar varia entre 50% e 95%.\u00a0<\/p>\n<p>As informa\u00e7\u00f5es s\u00e3o do Instituto Nacional de Meteorologia.\u00a0<\/p>\n<p>\n\u00a0<\/p>\n<p>\t\t\t\t\t\t\t\t\t<img loading=\"lazy\" decoding=\"async\" src=\"https:\/\/brasil61.com\/api\/v1\/serve_pixel\/17677\/84386\" alt=\"Pixel Brasil 61\" class=\"b61_pixel\" width=\"0\" height=\"0\"><\/p>\n<input type=\"hidden\" id=\"baseurl\" value=\"https:\/\/noticiasdestaque.com.br\"><input type=\"hidden\" id=\"audio_nonce\" value=\"581f3017e1\">","protected":false},"excerpt":{"rendered":"<p>Em Santa Catarina, h\u00e1 possibilidade de chuva em todo o territ\u00f3rio do estado, principalmente mais ao oeste, em munic\u00edpios como Anchieta e Coronel Freitas<\/p>\n","protected":false},"author":1,"featured_media":45666,"comment_status":"open","ping_status":"open","sticky":false,"template":"","format":"standard","meta":{"fifu_image_url":"","fifu_image_alt":"","footnotes":""},"categories":[58],"tags":[],"class_list":["post-45665","post","type-post","status-publish","format-standard","has-post-thumbnail","hentry","category-cotidiano"],"distributor_meta":false,"distributor_terms":false,"distributor_media":false,"distributor_original_site_name":"Noticias em Destaque","distributor_original_site_url":"https:\/\/noticiasdestaque.com.br","push-errors":false,"_links":{"self":[{"href":"https:\/\/noticiasdestaque.com.br\/index.php\/wp-json\/wp\/v2\/posts\/45665","targetHints":{"allow":["GET"]}}],"collection":[{"href":"https:\/\/noticiasdestaque.com.br\/index.php\/wp-json\/wp\/v2\/posts"}],"about":[{"href":"https:\/\/noticiasdestaque.com.br\/index.php\/wp-json\/wp\/v2\/types\/post"}],"author":[{"embeddable":true,"href":"https:\/\/noticiasdestaque.com.br\/index.php\/wp-json\/wp\/v2\/users\/1"}],"replies":[{"embeddable":true,"href":"https:\/\/noticiasdestaque.com.br\/index.php\/wp-json\/wp\/v2\/comments?post=45665"}],"version-history":[{"count":0,"href":"https:\/\/noticiasdestaque.com.br\/index.php\/wp-json\/wp\/v2\/posts\/45665\/revisions"}],"wp:featuredmedia":[{"embeddable":true,"href":"https:\/\/noticiasdestaque.com.br\/index.php\/wp-json\/wp\/v2\/media\/45666"}],"wp:attachment":[{"href":"https:\/\/noticiasdestaque.com.br\/index.php\/wp-json\/wp\/v2\/media?parent=45665"}],"wp:term":[{"taxonomy":"category","embeddable":true,"href":"https:\/\/noticiasdestaque.com.br\/index.php\/wp-json\/wp\/v2\/categories?post=45665"},{"taxonomy":"post_tag","embeddable":true,"href":"https:\/\/noticiasdestaque.com.br\/index.php\/wp-json\/wp\/v2\/tags?post=45665"}],"curies":[{"name":"wp","href":"https:\/\/api.w.org\/{rel}","templated":true}]}}