{"id":45659,"date":"2025-09-03T20:00:00","date_gmt":"2025-09-03T23:00:00","guid":{"rendered":"https:\/\/noticiasdestaque.com.br\/index.php\/2025\/09\/03\/mato-grosso-apresenta-casos-de-inovacao-na-industria\/"},"modified":"2025-09-03T20:00:00","modified_gmt":"2025-09-03T23:00:00","slug":"mato-grosso-apresenta-casos-de-inovacao-na-industria","status":"publish","type":"post","link":"https:\/\/noticiasdestaque.com.br\/index.php\/2025\/09\/03\/mato-grosso-apresenta-casos-de-inovacao-na-industria\/","title":{"rendered":"Mato Grosso apresenta casos de inova\u00e7\u00e3o na ind\u00fastria"},"content":{"rendered":"<p>\t\t\t\t\t\t\t\t\t\t<audio controls class=\"b61_audio_player\" data-noticia=\"84398\" src=\"https:\/\/brasil61.com\/rails\/active_storage\/blobs\/eyJfcmFpbHMiOnsibWVzc2FnZSI6IkJBaHBBNkdWQXc9PSIsImV4cCI6bnVsbCwicHVyIjoiYmxvYl9pZCJ9fQ==--13a137e95c72a1a9651a204f35dbff22f3746ca0\/PIND254611A\"><\/audio><\/p>\n<p><!--StartFragment -->A cidade de Sinop (MT) recebeu, na ter\u00e7a-feira (2), encontro da <a href=\"https:\/\/jornadanacionaldeinovacao.com.br\/\" target=\"_blank\">Jornada Nacional de Inova\u00e7\u00e3o da Ind\u00fastria<\/a>, iniciativa promovida pela <a href=\"https:\/\/cni.portaldaindustria.com.br\/\" target=\"_blank\">Confedera\u00e7\u00e3o Nacional da Ind\u00fastria (CNI)<\/a>, em parceria com o Servi\u00e7o Brasileiro de Apoio \u00e0s Micro e Pequenas Empresas (<a href=\"https:\/\/sebrae.com.br\/sites\/PortalSebrae\/\" target=\"_blank\">Sebrae<\/a>), com o apoio da Federa\u00e7\u00e3o das Ind\u00fastrias de Mato Grosso (<a href=\"https:\/\/fiemt.ind.br\/\" target=\"_blank\">FIEMT<\/a>).<\/p>\n<p>O encontro reuniu empreendedores, gestores e representantes do ecossistema de inova\u00e7\u00e3o em um dia de palestras, pain\u00e9is e workshops voltados a temas estrat\u00e9gicos para a ind\u00fastria local.<\/p>\n<p>A programa\u00e7\u00e3o contou com debates sobre transforma\u00e7\u00e3o digital, log\u00edstica industrial, transi\u00e7\u00e3o ecol\u00f3gica, acesso a fomento para inova\u00e7\u00e3o e gest\u00e3o empresarial. O objetivo foi aproximar empresas, especialmente micro e pequenas, a ferramentas e estrat\u00e9gias que fortale\u00e7am a competitividade frente \u00e0s novas demandas do mercado.<\/p>\n<p>Mais do que falar de futuro, o evento mostrou que o Mato Grosso j\u00e1 vive essa transforma\u00e7\u00e3o. Exemplos chamaram a aten\u00e7\u00e3o. A empresa local <a href=\"https:\/\/www.thonetinteriores.com.br\/\" target=\"_blank\">Thonet Interiores<\/a>, por exemplo, est\u00e1 mudando a forma de produzir m\u00f3veis planejados. Ao automatizar sua f\u00e1brica, a empresa reduziu a depend\u00eancia da marcenaria tradicional, com reaproveitamento de res\u00edduos.<\/p>\n<p>Outro caso de destaque foi o da <a href=\"https:\/\/www.instagram.com\/giacomelliefilhos\/?hl=pt\" target=\"_blank\">Giacomelli &amp; Filhos<\/a>, que construiu um ciclo sustent\u00e1vel \u201cdos sonhos\u201d, na avalia\u00e7\u00e3o do especialista em Pol\u00edticas e Ind\u00fastria da CNI, Rafael Grilli. A empresa planta soja e milho, transforma a produ\u00e7\u00e3o em bioenergia e ainda utiliza os res\u00edduos para alimentar o gado. \u201c\u00c9 um ciclo que se fecha de forma brilhante\u201d, comentou.<\/p>\n<p>As surpresas n\u00e3o pararam por a\u00ed. Os participantes tamb\u00e9m conheceram tecnologias capazes de mudar realidades, como a impress\u00e3o 3D de casas, erguidas do zero em menos de dois dias.<\/p>\n<p>\u201cO evento mostrou um estado que est\u00e1 realmente abra\u00e7ando a transforma\u00e7\u00e3o tecnol\u00f3gica e sustent\u00e1vel de forma impressionante\u201d, avaliou Grilli. \u201cO que fica claro \u00e9 que Mato Grosso est\u00e1 se consolidando como uma refer\u00eancia nacional em inova\u00e7\u00e3o, unindo duas grandes fortalezas, a ind\u00fastria e o agroneg\u00f3cio. \u00c9 o Brasil que inova e que se transforma\u201d, destacou.<\/p>\n<h2>Avan\u00e7os e desafios da inova\u00e7\u00e3o no estado<\/h2>\n<p>Os debates tamb\u00e9m revelaram desafios enfrentados pelos empres\u00e1rios locais. \u201cOs empres\u00e1rios foram bem diretos sobre os problemas que enfrentam, como a falta de incentivos fiscais, muita burocracia para conseguir recursos para a inova\u00e7\u00e3o e a concorr\u00eancia desleal, porque a fiscaliza\u00e7\u00e3o n\u00e3o trata todos os neg\u00f3cios de forma equ\u00e2nime. Na parte digital, a conversa foi bastante intensa. Por um lado, a intelig\u00eancia artificial j\u00e1 est\u00e1 fazendo milagres. Tem processos que antes demoravam 15 dias e que hoje se resolvem em cerca de meia hora. Por outro lado, est\u00e1 dif\u00edcil encontrar gente qualificada para colocar essas tecnologias para funcionar no n\u00edvel da empresa\u201d, explicou Rafael Grilli.<\/p>\n<h2>Jornada Nacional de Inova\u00e7\u00e3o da Ind\u00fastria<\/h2>\n<p>Na regi\u00e3o Centro-Oeste, Mato Grosso foi o primeiro estado a receber a jornada. Ser\u00e3o seis encontros que ir\u00e3o dialogar sobre a transi\u00e7\u00e3o ecodigital. Al\u00e9m de Sinop, a caravana da passar\u00e1 por cidades de Goi\u00e1s, do Mato Grosso do Sul e por Bras\u00edlia (DF). <a href=\"https:\/\/noticias.portaldaindustria.com.br\/especial-livre\/confira-jornada-nacional-de-inovacao-na-regiao-centro-oeste\/\" target=\"_blank\">O encontro regional est\u00e1 marcado para os dias 29 e 30 de outubro, em Goi\u00e2nia (GO)<\/a>.<\/p>\n<p>A Jornada Nacional de Inova\u00e7\u00e3o da Ind\u00fastria come\u00e7ou em julho de 2025 e termina em mar\u00e7o de 2026, no 11\u00ba Congresso de Inova\u00e7\u00e3o da Ind\u00fastria. Neste per\u00edodo, o movimento itinerante percorrer\u00e1 as 27 unidades da federa\u00e7\u00e3o para conhecer novas tecnologias com identidade regional, promover di\u00e1logos e criar uma rede inova\u00e7\u00e3o no pa\u00eds.<\/p>\n<p><!--EndFragment --><\/p>\n<p>\t\t\t\t\t\t\t\t\t<img loading=\"lazy\" decoding=\"async\" src=\"https:\/\/brasil61.com\/api\/v1\/serve_pixel\/17677\/84398\" alt=\"Pixel Brasil 61\" class=\"b61_pixel\" width=\"0\" height=\"0\"><\/p>\n<input type=\"hidden\" id=\"baseurl\" value=\"https:\/\/noticiasdestaque.com.br\"><input type=\"hidden\" id=\"audio_nonce\" value=\"581f3017e1\">","protected":false},"excerpt":{"rendered":"<p>Automa\u00e7\u00e3o, reaproveitamento de res\u00edduos e economia circular foram destaques em encontro Jornada Nacional de Inova\u00e7\u00e3o da Ind\u00fastria em Sinop<\/p>\n","protected":false},"author":1,"featured_media":45660,"comment_status":"open","ping_status":"open","sticky":false,"template":"","format":"standard","meta":{"fifu_image_url":"","fifu_image_alt":"","footnotes":""},"categories":[54],"tags":[],"class_list":["post-45659","post","type-post","status-publish","format-standard","has-post-thumbnail","hentry","category-tecnologia"],"distributor_meta":false,"distributor_terms":false,"distributor_media":false,"distributor_original_site_name":"Noticias em Destaque","distributor_original_site_url":"https:\/\/noticiasdestaque.com.br","push-errors":false,"_links":{"self":[{"href":"https:\/\/noticiasdestaque.com.br\/index.php\/wp-json\/wp\/v2\/posts\/45659","targetHints":{"allow":["GET"]}}],"collection":[{"href":"https:\/\/noticiasdestaque.com.br\/index.php\/wp-json\/wp\/v2\/posts"}],"about":[{"href":"https:\/\/noticiasdestaque.com.br\/index.php\/wp-json\/wp\/v2\/types\/post"}],"author":[{"embeddable":true,"href":"https:\/\/noticiasdestaque.com.br\/index.php\/wp-json\/wp\/v2\/users\/1"}],"replies":[{"embeddable":true,"href":"https:\/\/noticiasdestaque.com.br\/index.php\/wp-json\/wp\/v2\/comments?post=45659"}],"version-history":[{"count":0,"href":"https:\/\/noticiasdestaque.com.br\/index.php\/wp-json\/wp\/v2\/posts\/45659\/revisions"}],"wp:featuredmedia":[{"embeddable":true,"href":"https:\/\/noticiasdestaque.com.br\/index.php\/wp-json\/wp\/v2\/media\/45660"}],"wp:attachment":[{"href":"https:\/\/noticiasdestaque.com.br\/index.php\/wp-json\/wp\/v2\/media?parent=45659"}],"wp:term":[{"taxonomy":"category","embeddable":true,"href":"https:\/\/noticiasdestaque.com.br\/index.php\/wp-json\/wp\/v2\/categories?post=45659"},{"taxonomy":"post_tag","embeddable":true,"href":"https:\/\/noticiasdestaque.com.br\/index.php\/wp-json\/wp\/v2\/tags?post=45659"}],"curies":[{"name":"wp","href":"https:\/\/api.w.org\/{rel}","templated":true}]}}