{"id":45631,"date":"2025-09-02T19:30:00","date_gmt":"2025-09-02T22:30:00","guid":{"rendered":"https:\/\/noticiasdestaque.com.br\/index.php\/2025\/09\/02\/previsao-do-tempo-quarta-feira-3-com-possibilidade-de-chuva-no-sudeste\/"},"modified":"2025-09-02T19:30:00","modified_gmt":"2025-09-02T22:30:00","slug":"previsao-do-tempo-quarta-feira-3-com-possibilidade-de-chuva-no-sudeste","status":"publish","type":"post","link":"https:\/\/noticiasdestaque.com.br\/index.php\/2025\/09\/02\/previsao-do-tempo-quarta-feira-3-com-possibilidade-de-chuva-no-sudeste\/","title":{"rendered":"PREVIS\u00c3O DO TEMPO: quarta-feira (3) com possibilidade de chuva no Sudeste"},"content":{"rendered":"<p>\t\t\t\t\t\t\t\t\t\t<audio controls class=\"b61_audio_player\" data-noticia=\"84364\" src=\"https:\/\/brasil61.com\/rails\/active_storage\/blobs\/eyJfcmFpbHMiOnsibWVzc2FnZSI6IkJBaHBBN2lVQXc9PSIsImV4cCI6bnVsbCwicHVyIjoiYmxvYl9pZCJ9fQ==--2439b4221a92f613090a5f7e49f2100dd152e8d5\/PTSD254177A\"><\/audio><\/p>\n<p>A previs\u00e3o do tempo para esta quarta-feira (3) \u00e9 de tempo firme e predom\u00ednio de sol na maior parte da regi\u00e3o Sudeste, durante o dia. Pela manh\u00e3, poucas nuvens em <strong>Minas Gerais, S\u00e3o Paulo, Esp\u00edrito Santo e Rio de Janeiro<\/strong>.<\/p>\n<p>Durante a\u00a0tarde, o sul de <strong>S\u00e3o Paulo<\/strong> e o <strong>Rio de Janeiro<\/strong> tem possibilidade de chuvas\u00a0isoladas.<\/p>\n<p>\u00c0 noite, muitas nuvens no litoral paulista e no sul de <strong>Minas Gerais<\/strong>, com chance de pancadas de chuva localizadas. J\u00e1 o <strong>Esp\u00edrito Santo<\/strong> e grande parte do interior segue sem chuvas.<\/p>\n<p>Entre as capitais, a temperatura m\u00ednima prevista \u00e9 de 13\u00b0C, em Belo Horizonte. J\u00e1 a m\u00e1xima pode chegar a 29\u00b0C, em S\u00e3o Paulo. A umidade relativa do ar varia entre 30% e 90%.\u00a0<\/p>\n<p>As informa\u00e7\u00f5es s\u00e3o do <strong>Instituto Nacional de Meteorologia (<a href=\"https:\/\/portal.inmet.gov.br\/\" target=\"_blank\">Inmet<\/a>)<\/strong>.<\/p>\n<p>\n\u00a0<\/p>\n<p>\t\t\t\t\t\t\t\t\t<img loading=\"lazy\" decoding=\"async\" src=\"https:\/\/brasil61.com\/api\/v1\/serve_pixel\/17677\/84364\" alt=\"Pixel Brasil 61\" class=\"b61_pixel\" width=\"0\" height=\"0\"><\/p>\n<input type=\"hidden\" id=\"baseurl\" value=\"https:\/\/noticiasdestaque.com.br\"><input type=\"hidden\" id=\"audio_nonce\" value=\"bebeb23d5e\">","protected":false},"excerpt":{"rendered":"<p>Entre as capitais, a temperatura m\u00ednima prevista \u00e9 de 13\u00b0C, em Belo Horizonte. J\u00e1 a m\u00e1xima pode chegar a 29\u00b0C, em S\u00e3o Paulo. A umidade relativa do ar varia entre 30% e 90%.\u00a0<\/p>\n","protected":false},"author":1,"featured_media":45632,"comment_status":"open","ping_status":"open","sticky":false,"template":"","format":"standard","meta":{"fifu_image_url":"","fifu_image_alt":"","footnotes":""},"categories":[58],"tags":[],"class_list":["post-45631","post","type-post","status-publish","format-standard","has-post-thumbnail","hentry","category-cotidiano"],"distributor_meta":false,"distributor_terms":false,"distributor_media":false,"distributor_original_site_name":"Noticias em Destaque","distributor_original_site_url":"https:\/\/noticiasdestaque.com.br","push-errors":false,"_links":{"self":[{"href":"https:\/\/noticiasdestaque.com.br\/index.php\/wp-json\/wp\/v2\/posts\/45631","targetHints":{"allow":["GET"]}}],"collection":[{"href":"https:\/\/noticiasdestaque.com.br\/index.php\/wp-json\/wp\/v2\/posts"}],"about":[{"href":"https:\/\/noticiasdestaque.com.br\/index.php\/wp-json\/wp\/v2\/types\/post"}],"author":[{"embeddable":true,"href":"https:\/\/noticiasdestaque.com.br\/index.php\/wp-json\/wp\/v2\/users\/1"}],"replies":[{"embeddable":true,"href":"https:\/\/noticiasdestaque.com.br\/index.php\/wp-json\/wp\/v2\/comments?post=45631"}],"version-history":[{"count":0,"href":"https:\/\/noticiasdestaque.com.br\/index.php\/wp-json\/wp\/v2\/posts\/45631\/revisions"}],"wp:featuredmedia":[{"embeddable":true,"href":"https:\/\/noticiasdestaque.com.br\/index.php\/wp-json\/wp\/v2\/media\/45632"}],"wp:attachment":[{"href":"https:\/\/noticiasdestaque.com.br\/index.php\/wp-json\/wp\/v2\/media?parent=45631"}],"wp:term":[{"taxonomy":"category","embeddable":true,"href":"https:\/\/noticiasdestaque.com.br\/index.php\/wp-json\/wp\/v2\/categories?post=45631"},{"taxonomy":"post_tag","embeddable":true,"href":"https:\/\/noticiasdestaque.com.br\/index.php\/wp-json\/wp\/v2\/tags?post=45631"}],"curies":[{"name":"wp","href":"https:\/\/api.w.org\/{rel}","templated":true}]}}