{"id":45605,"date":"2025-09-01T19:40:00","date_gmt":"2025-09-01T22:40:00","guid":{"rendered":"https:\/\/noticiasdestaque.com.br\/index.php\/2025\/09\/01\/previsao-do-tempo-norte-tera-terca-feira-2-com-pancadas-de-chuva-na-maioria-dos-estados\/"},"modified":"2025-09-01T19:40:00","modified_gmt":"2025-09-01T22:40:00","slug":"previsao-do-tempo-norte-tera-terca-feira-2-com-pancadas-de-chuva-na-maioria-dos-estados","status":"publish","type":"post","link":"https:\/\/noticiasdestaque.com.br\/index.php\/2025\/09\/01\/previsao-do-tempo-norte-tera-terca-feira-2-com-pancadas-de-chuva-na-maioria-dos-estados\/","title":{"rendered":"PREVIS\u00c3O DO TEMPO: Norte ter\u00e1 ter\u00e7a-feira (2) com pancadas de chuva na maioria dos estados"},"content":{"rendered":"<p>\t\t\t\t\t\t\t\t\t\t<audio controls class=\"b61_audio_player\" data-noticia=\"84357\" src=\"https:\/\/brasil61.com\/rails\/active_storage\/blobs\/eyJfcmFpbHMiOnsibWVzc2FnZSI6IkJBaHBBL2lUQXc9PSIsImV4cCI6bnVsbCwicHVyIjoiYmxvYl9pZCJ9fQ==--01fc945eda26455fba9d8046cac83ae0f9c6e687\/PTRN254538A\"><\/audio><\/p>\n<p>A ter\u00e7a-feira (2), no Norte do Brasil, ter\u00e1 chuva intensa em boa parte da regi\u00e3o. Do centro ao oeste de Rond\u00f4nia e em todo o Acre, a previs\u00e3o \u00e9 de pancadas de chuva e trovoadas isoladas.\u00a0<\/p>\n<p>No Amazonas, a mesma situa\u00e7\u00e3o ser\u00e1 registrada em Japur\u00e1, Alto Solim\u00f5es, Tef\u00e9, Coari, Juru\u00e1 e Boca do Acre. As pancadas de chuva tamb\u00e9m devem atingir quase todo o Amap\u00e1, sobretudo munic\u00edpios mais ao leste do estado, como Cal\u00e7oene.\u00a0<\/p>\n<p>J\u00e1 em Roraima, o per\u00edodo da manh\u00e3 ser\u00e1 marcado por chuvas isoladas. \u00c0 noite, por sua vez, ser\u00e1 de acumulados mais intensos. Para as regi\u00f5es do Maraj\u00f3 e nordeste paraense, tamb\u00e9m est\u00e3o previstas pancadas de chuva e trovoadas isoladas.<\/p>\n<p>J\u00e1 no estado tocantinense, haver\u00e1 apenas varia\u00e7\u00e3o entre muitas e poucas nuvens, al\u00e9m de presen\u00e7a de n\u00e9voa seca.\u00a0<\/p>\n<p>Entre as capitais, a temperatura m\u00ednima deve chegar a 21\u00b0C, em Rio Branco. J\u00e1 a m\u00e1xima prevista \u00e9 de 37\u00b0C, em Palmas. A umidade relativa do ar varia entre 20% e 95%.\u00a0<\/p>\n<p>As informa\u00e7\u00f5es s\u00e3o do Instituto Nacional de Meteorologia.\u00a0<\/p>\n<p>\n\u00a0<\/p>\n<p>\t\t\t\t\t\t\t\t\t<img loading=\"lazy\" decoding=\"async\" src=\"https:\/\/brasil61.com\/api\/v1\/serve_pixel\/17677\/84357\" alt=\"Pixel Brasil 61\" class=\"b61_pixel\" width=\"0\" height=\"0\"><\/p>\n<input type=\"hidden\" id=\"baseurl\" value=\"https:\/\/noticiasdestaque.com.br\"><input type=\"hidden\" id=\"audio_nonce\" value=\"6f73a554f1\">","protected":false},"excerpt":{"rendered":"<p>J\u00e1 no estado tocantinense, haver\u00e1 apenas varia\u00e7\u00e3o entre muitas e poucas nuvens, al\u00e9m de presen\u00e7a de n\u00e9voa seca<\/p>\n","protected":false},"author":1,"featured_media":45606,"comment_status":"open","ping_status":"open","sticky":false,"template":"","format":"standard","meta":{"fifu_image_url":"","fifu_image_alt":"","footnotes":""},"categories":[58],"tags":[],"class_list":["post-45605","post","type-post","status-publish","format-standard","has-post-thumbnail","hentry","category-cotidiano"],"distributor_meta":false,"distributor_terms":false,"distributor_media":false,"distributor_original_site_name":"Noticias em Destaque","distributor_original_site_url":"https:\/\/noticiasdestaque.com.br","push-errors":false,"_links":{"self":[{"href":"https:\/\/noticiasdestaque.com.br\/index.php\/wp-json\/wp\/v2\/posts\/45605","targetHints":{"allow":["GET"]}}],"collection":[{"href":"https:\/\/noticiasdestaque.com.br\/index.php\/wp-json\/wp\/v2\/posts"}],"about":[{"href":"https:\/\/noticiasdestaque.com.br\/index.php\/wp-json\/wp\/v2\/types\/post"}],"author":[{"embeddable":true,"href":"https:\/\/noticiasdestaque.com.br\/index.php\/wp-json\/wp\/v2\/users\/1"}],"replies":[{"embeddable":true,"href":"https:\/\/noticiasdestaque.com.br\/index.php\/wp-json\/wp\/v2\/comments?post=45605"}],"version-history":[{"count":0,"href":"https:\/\/noticiasdestaque.com.br\/index.php\/wp-json\/wp\/v2\/posts\/45605\/revisions"}],"wp:featuredmedia":[{"embeddable":true,"href":"https:\/\/noticiasdestaque.com.br\/index.php\/wp-json\/wp\/v2\/media\/45606"}],"wp:attachment":[{"href":"https:\/\/noticiasdestaque.com.br\/index.php\/wp-json\/wp\/v2\/media?parent=45605"}],"wp:term":[{"taxonomy":"category","embeddable":true,"href":"https:\/\/noticiasdestaque.com.br\/index.php\/wp-json\/wp\/v2\/categories?post=45605"},{"taxonomy":"post_tag","embeddable":true,"href":"https:\/\/noticiasdestaque.com.br\/index.php\/wp-json\/wp\/v2\/tags?post=45605"}],"curies":[{"name":"wp","href":"https:\/\/api.w.org\/{rel}","templated":true}]}}