{"id":45601,"date":"2025-09-01T10:30:00","date_gmt":"2025-09-01T13:30:00","guid":{"rendered":"https:\/\/noticiasdestaque.com.br\/index.php\/2025\/09\/01\/tarifaco-e-um-risco-real-de-paralisacao-das-operacoes-alerta-industria-de-suco-sobre-implantacao-das-tarifas-dos-eua\/"},"modified":"2025-09-01T10:30:00","modified_gmt":"2025-09-01T13:30:00","slug":"tarifaco-e-um-risco-real-de-paralisacao-das-operacoes-alerta-industria-de-suco-sobre-implantacao-das-tarifas-dos-eua","status":"publish","type":"post","link":"https:\/\/noticiasdestaque.com.br\/index.php\/2025\/09\/01\/tarifaco-e-um-risco-real-de-paralisacao-das-operacoes-alerta-industria-de-suco-sobre-implantacao-das-tarifas-dos-eua\/","title":{"rendered":"Tarifa\u00e7o: \u201c\u00c9 um risco real de paralisa\u00e7\u00e3o das opera\u00e7\u00f5es\u201d, alerta ind\u00fastria de suco sobre implanta\u00e7\u00e3o das tarifas dos EUA"},"content":{"rendered":"<p>\t\t\t\t\t\t\t\t\t\t<audio controls class=\"b61_audio_player\" data-noticia=\"84233\" src=\"https:\/\/brasil61.com\/rails\/active_storage\/blobs\/eyJfcmFpbHMiOnsibWVzc2FnZSI6IkJBaHBBeUtRQXc9PSIsImV4cCI6bnVsbCwicHVyIjoiYmxvYl9pZCJ9fQ==--5deac5c854c5a857bfd9ffe33673e9df825fd11d\/CACB250052A\"><\/audio><\/p>\n<p>As negocia\u00e7\u00f5es entre <strong>Brasil e Estados Unidos <\/strong>para tentar reverter as <strong>sobretaxas de 50% impostas a produtos nacionais continuam sem avan\u00e7o<\/strong>. Conversas, segundo o governo,\u00a0pouco produtivas, e a falta de\u00a0contrapropostas\u00a0por parte dos EUA\u00a0est\u00e3o entre os problemas. Diante do impasse, o governo Lula acionou a <a href=\"https:\/\/www.gov.br\/agu\/pt-br\">Advocacia-Geral da Uni\u00e3o (AGU), <\/a>que est\u00e1 em vias de fechar acordo com um escrit\u00f3rio de advocacia norte-americano. A ideia \u00e9 refor\u00e7ar a interlocu\u00e7\u00e3o direta em Washington e abrir espa\u00e7o para a defesa dos interesses brasileiros nos tribunais dos EUA. O governo nega se tratar de lobby, mas reconhece a necessidade de equilibrar for\u00e7as diante da atua\u00e7\u00e3o de grupos pol\u00edticos americanos que defendem o endurecimento das barreiras comerciais.<\/p>\n<p>O setor produtivo, por\u00e9m, j\u00e1 sente o impacto imediato. Para o presidente da <a href=\"https:\/\/cacb.org.br\/\"><strong>Confedera\u00e7\u00e3o das Associa\u00e7\u00f5es Comerciais e Empresariais do Brasil (CACB)<\/strong><\/a>, Alfredo Cotait, <strong>a taxa\u00e7\u00e3o amea\u00e7a sobretudo pequenos empres\u00e1rios que exportam de forma direta ou fazem parte de cadeias produtivas, como os de caf\u00e9s especiais e vestu\u00e1rio<\/strong>.<\/p>\n<p>\u201cEssas empresas pequenas, que respondem por 65% dos empregos, n\u00e3o v\u00e3o conseguir sobreviver com a taxa\u00e7\u00e3o de 50%. Isso pode gerar desemprego, porque n\u00e3o h\u00e1 como buscar novos mercados de um dia para o outro. O primeiro impacto ser\u00e1 a sobreviv\u00eancia das empresas, e o segundo, a queda radical na empregabilidade\u201d, afirmou Cotait.<\/p>\n<h2>Pequenas empresas e economia local s\u00e3o as primeiras a sentir o impacto<\/h2>\n<p>Um dos exemplos mais emblem\u00e1ticos vem de <strong>Fraiburgo, em Santa Catarina<\/strong>, <strong>principal polo produtor de ma\u00e7\u00e3 do pa\u00eds<\/strong>. A <a href=\"https:\/\/grupofischer.com.br\/\"><strong>Fisher Sucos<\/strong><\/a>, que h\u00e1 mais de 20 anos exporta o produto a granel para os Estados Unidos, est\u00e1 com parte da produ\u00e7\u00e3o parada no Porto de Santos.<\/p>\n<p>Segundo o gerente industrial da empresa, S\u00edlvio Jos\u00e9 Gmach, <strong>mais de 80% das exporta\u00e7\u00f5es da companhia t\u00eam como destino o mercado norte-americano. Com as novas tarifas, os embarques foram suspensos<\/strong>.<\/p>\n<p>\u201cDesde que teve o tarifa\u00e7o, nenhum embarque mais tem condi\u00e7\u00e3o de seguir para os Estados Unidos. Ficamos totalmente sem competitividade. Hoje, temos produto parado no Porto de Santos esperando uma defini\u00e7\u00e3o de mercado. Se n\u00e3o houver acordo,\u00a0teremos que retornar com a carga, reembalar e buscar alternativas que n\u00e3o existem no curto prazo\u201d, disse.<\/p>\n<p>Gmach alerta que, sem uma solu\u00e7\u00e3o diplom\u00e1tica, a empresa pode ter que interromper suas atividades, o que afetaria n\u00e3o s\u00f3 seus 100 funcion\u00e1rios, mas tamb\u00e9m pequenos produtores rurais da regi\u00e3o.<\/p>\n<p>\u201c\u00c9 um risco real de paralisa\u00e7\u00e3o das opera\u00e7\u00f5es. Uma atividade que existe desde 1998, h\u00e1 quase 30 anos, pode ser obrigada a parar. Seria uma cat\u00e1strofe n\u00e3o s\u00f3 para a empresa, mas para toda a economia local, que depende da destina\u00e7\u00e3o dessa mat\u00e9ria-prima\u201d, afirmou.<\/p>\n<p>Enquanto o governo estuda medidas de apoio financeiro, empresas como a Fisher defendem que a \u00fanica sa\u00edda vi\u00e1vel \u00e9 uma solu\u00e7\u00e3o negociada com os Estados Unidos. \u201cA diplomacia ainda \u00e9 o melhor caminho. O que precisamos \u00e9 retomar as exporta\u00e7\u00f5es como antes\u201d, concluiu Gmach.<\/p>\n<p>\t\t\t\t\t\t\t\t\t<img loading=\"lazy\" decoding=\"async\" src=\"https:\/\/brasil61.com\/api\/v1\/serve_pixel\/17677\/84233\" alt=\"Pixel Brasil 61\" class=\"b61_pixel\" width=\"0\" height=\"0\"><\/p>\n<input type=\"hidden\" id=\"baseurl\" value=\"https:\/\/noticiasdestaque.com.br\"><input type=\"hidden\" id=\"audio_nonce\" value=\"6f73a554f1\">","protected":false},"excerpt":{"rendered":"<p>Sem avan\u00e7os nas conversas com Washington, pequenas empresas e produtores enfrentam risco de sobreviv\u00eancia. Caso da Fisher Sucos, em Santa Catarina, retrata impacto direto das tarifas de 50%<\/p>\n","protected":false},"author":1,"featured_media":45602,"comment_status":"open","ping_status":"open","sticky":false,"template":"","format":"standard","meta":{"fifu_image_url":"","fifu_image_alt":"","footnotes":""},"categories":[59],"tags":[],"class_list":["post-45601","post","type-post","status-publish","format-standard","has-post-thumbnail","hentry","category-economia"],"distributor_meta":false,"distributor_terms":false,"distributor_media":false,"distributor_original_site_name":"Noticias em Destaque","distributor_original_site_url":"https:\/\/noticiasdestaque.com.br","push-errors":false,"_links":{"self":[{"href":"https:\/\/noticiasdestaque.com.br\/index.php\/wp-json\/wp\/v2\/posts\/45601","targetHints":{"allow":["GET"]}}],"collection":[{"href":"https:\/\/noticiasdestaque.com.br\/index.php\/wp-json\/wp\/v2\/posts"}],"about":[{"href":"https:\/\/noticiasdestaque.com.br\/index.php\/wp-json\/wp\/v2\/types\/post"}],"author":[{"embeddable":true,"href":"https:\/\/noticiasdestaque.com.br\/index.php\/wp-json\/wp\/v2\/users\/1"}],"replies":[{"embeddable":true,"href":"https:\/\/noticiasdestaque.com.br\/index.php\/wp-json\/wp\/v2\/comments?post=45601"}],"version-history":[{"count":0,"href":"https:\/\/noticiasdestaque.com.br\/index.php\/wp-json\/wp\/v2\/posts\/45601\/revisions"}],"wp:featuredmedia":[{"embeddable":true,"href":"https:\/\/noticiasdestaque.com.br\/index.php\/wp-json\/wp\/v2\/media\/45602"}],"wp:attachment":[{"href":"https:\/\/noticiasdestaque.com.br\/index.php\/wp-json\/wp\/v2\/media?parent=45601"}],"wp:term":[{"taxonomy":"category","embeddable":true,"href":"https:\/\/noticiasdestaque.com.br\/index.php\/wp-json\/wp\/v2\/categories?post=45601"},{"taxonomy":"post_tag","embeddable":true,"href":"https:\/\/noticiasdestaque.com.br\/index.php\/wp-json\/wp\/v2\/tags?post=45601"}],"curies":[{"name":"wp","href":"https:\/\/api.w.org\/{rel}","templated":true}]}}