{"id":45585,"date":"2025-08-31T18:20:00","date_gmt":"2025-08-31T21:20:00","guid":{"rendered":"https:\/\/noticiasdestaque.com.br\/index.php\/2025\/08\/31\/previsao-do-tempo-sudeste-com-sol-entre-nuvens-nesta-seginda-feira-1\/"},"modified":"2025-08-31T18:20:00","modified_gmt":"2025-08-31T21:20:00","slug":"previsao-do-tempo-sudeste-com-sol-entre-nuvens-nesta-seginda-feira-1","status":"publish","type":"post","link":"https:\/\/noticiasdestaque.com.br\/index.php\/2025\/08\/31\/previsao-do-tempo-sudeste-com-sol-entre-nuvens-nesta-seginda-feira-1\/","title":{"rendered":"PREVIS\u00c3O DO TEMPO: Sudeste com sol entre nuvens nesta seginda-feira (1\u00b0)"},"content":{"rendered":"<p>\t\t\t\t\t\t\t\t\t\t<audio controls class=\"b61_audio_player\" data-noticia=\"84312\" src=\"https:\/\/brasil61.com\/rails\/active_storage\/blobs\/eyJfcmFpbHMiOnsibWVzc2FnZSI6IkJBaHBBNEtTQXc9PSIsImV4cCI6bnVsbCwicHVyIjoiYmxvYl9pZCJ9fQ==--59f3155df4190361c6addf57b39988cf74e637ab\/PTSD254171A\"><\/audio><\/p>\n<p>A <strong>previs\u00e3o do tempo para esta segunda-feira (1\u00b0) indica sol entre nuvens na maior parte da regi\u00e3o Sudeste<\/strong>. No <strong>Rio de Janeiro<\/strong>, <strong>Esp\u00edrito Santo<\/strong> e \u00e1reas do leste de <strong>Minas Gerais<\/strong>, o dia ser\u00e1 de sol.<\/p>\n<p>Chuvas s\u00e3o esperadas na faixa litor\u00e2nea que vai de <strong>S\u00e3o Paulo<\/strong>\u00a0a <strong>Esp\u00edrito Santo<\/strong>.\u00a0<\/p>\n<p>Entre as capitais, a temperatura m\u00ednima prevista \u00e9 de 15\u00b0C, em S\u00e3o Paulo e Belo Horizonte. J\u00e1 a m\u00e1xima pode chegar a 30\u00b0C, em S\u00e3o Paulo. A umidade relativa do ar varia entre 25% e 95%.\u00a0<\/p>\n<p>As informa\u00e7\u00f5es s\u00e3o do <strong>Instituto Nacional de Meteorologia (<a href=\"https:\/\/portal.inmet.gov.br\/\" target=\"_blank\">Inmet<\/a>)<\/strong>.<\/p>\n<p>\n\u00a0<\/p>\n<p>\t\t\t\t\t\t\t\t\t<img loading=\"lazy\" decoding=\"async\" src=\"https:\/\/brasil61.com\/api\/v1\/serve_pixel\/17677\/84312\" alt=\"Pixel Brasil 61\" class=\"b61_pixel\" width=\"0\" height=\"0\"><\/p>\n<input type=\"hidden\" id=\"baseurl\" value=\"https:\/\/noticiasdestaque.com.br\"><input type=\"hidden\" id=\"audio_nonce\" value=\"6f73a554f1\">","protected":false},"excerpt":{"rendered":"<p>Entre as capitais, a temperatura m\u00ednima prevista \u00e9 de 15\u00b0C, em S\u00e3o Paulo e Belo Horizonte. J\u00e1 a m\u00e1xima pode chegar a 30\u00b0C, em S\u00e3o Paulo. A umidade relativa do ar varia entre 25% e 95%.\u00a0<\/p>\n","protected":false},"author":1,"featured_media":45586,"comment_status":"open","ping_status":"open","sticky":false,"template":"","format":"standard","meta":{"fifu_image_url":"","fifu_image_alt":"","footnotes":""},"categories":[58],"tags":[],"class_list":["post-45585","post","type-post","status-publish","format-standard","has-post-thumbnail","hentry","category-cotidiano"],"distributor_meta":false,"distributor_terms":false,"distributor_media":false,"distributor_original_site_name":"Noticias em Destaque","distributor_original_site_url":"https:\/\/noticiasdestaque.com.br","push-errors":false,"_links":{"self":[{"href":"https:\/\/noticiasdestaque.com.br\/index.php\/wp-json\/wp\/v2\/posts\/45585","targetHints":{"allow":["GET"]}}],"collection":[{"href":"https:\/\/noticiasdestaque.com.br\/index.php\/wp-json\/wp\/v2\/posts"}],"about":[{"href":"https:\/\/noticiasdestaque.com.br\/index.php\/wp-json\/wp\/v2\/types\/post"}],"author":[{"embeddable":true,"href":"https:\/\/noticiasdestaque.com.br\/index.php\/wp-json\/wp\/v2\/users\/1"}],"replies":[{"embeddable":true,"href":"https:\/\/noticiasdestaque.com.br\/index.php\/wp-json\/wp\/v2\/comments?post=45585"}],"version-history":[{"count":0,"href":"https:\/\/noticiasdestaque.com.br\/index.php\/wp-json\/wp\/v2\/posts\/45585\/revisions"}],"wp:featuredmedia":[{"embeddable":true,"href":"https:\/\/noticiasdestaque.com.br\/index.php\/wp-json\/wp\/v2\/media\/45586"}],"wp:attachment":[{"href":"https:\/\/noticiasdestaque.com.br\/index.php\/wp-json\/wp\/v2\/media?parent=45585"}],"wp:term":[{"taxonomy":"category","embeddable":true,"href":"https:\/\/noticiasdestaque.com.br\/index.php\/wp-json\/wp\/v2\/categories?post=45585"},{"taxonomy":"post_tag","embeddable":true,"href":"https:\/\/noticiasdestaque.com.br\/index.php\/wp-json\/wp\/v2\/tags?post=45585"}],"curies":[{"name":"wp","href":"https:\/\/api.w.org\/{rel}","templated":true}]}}