{"id":45575,"date":"2025-08-30T18:40:00","date_gmt":"2025-08-30T21:40:00","guid":{"rendered":"https:\/\/noticiasdestaque.com.br\/index.php\/2025\/08\/30\/previsao-do-tempo-domingo-31-ensolarado-na-regiao-sul\/"},"modified":"2025-08-30T18:40:00","modified_gmt":"2025-08-30T21:40:00","slug":"previsao-do-tempo-domingo-31-ensolarado-na-regiao-sul","status":"publish","type":"post","link":"https:\/\/noticiasdestaque.com.br\/index.php\/2025\/08\/30\/previsao-do-tempo-domingo-31-ensolarado-na-regiao-sul\/","title":{"rendered":"PREVIS\u00c3O DO TEMPO: domingo (31) ensolarado na Regi\u00e3o Sul"},"content":{"rendered":"<p>\t\t\t\t\t\t\t\t\t\t<audio controls class=\"b61_audio_player\" data-noticia=\"84320\" src=\"https:\/\/brasil61.com\/rails\/active_storage\/blobs\/eyJfcmFpbHMiOnsibWVzc2FnZSI6IkJBaHBBNkNTQXc9PSIsImV4cCI6bnVsbCwicHVyIjoiYmxvYl9pZCJ9fQ==--2dbca63833ebebb3b1ac03a9aa5396ab0e360a0c\/PTRS254052A\"><\/audio><\/p>\n<p>\u00a0<\/p>\n<\/p>\n<p>A previs\u00e3o do tempo para este domingo (31) indica predom\u00ednio de sol na maior parte da regi\u00e3o Sul. No <strong>Paran\u00e1 <\/strong>e no <strong>Rio Grande do Sul<\/strong>, o dia ser\u00e1 de sol entre muitas nuvens. J\u00e1 em <strong>Santa Catarina<\/strong>, o cen\u00e1rio \u00e9 diferente: a previs\u00e3o aponta para muitas nuvens e pancadas de chuva isoladas.<\/p>\n<p>Entre as capitais, a temperatura m\u00ednima prevista ser\u00e1 de 13\u00b0C, em Curitiba. J\u00e1 a m\u00e1xima ser\u00e1 de 29\u00b0C, tamb\u00e9m em Curitiba. A umidade relativa do ar varia entre \u00a060% e 95%.\u00a0<\/p>\n<p>As informa\u00e7\u00f5es s\u00e3o do<strong> Instituto Nacional de Meteorologia<\/strong> (<a href=\"https:\/\/portal.inmet.gov.br\/\" target=\"_blank\">Inmet<\/a>)<br \/>\n\u00a0<\/p>\n<p>\t\t\t\t\t\t\t\t\t<img loading=\"lazy\" decoding=\"async\" src=\"https:\/\/brasil61.com\/api\/v1\/serve_pixel\/17677\/84320\" alt=\"Pixel Brasil 61\" class=\"b61_pixel\" width=\"0\" height=\"0\"><\/p>\n<input type=\"hidden\" id=\"baseurl\" value=\"https:\/\/noticiasdestaque.com.br\"><input type=\"hidden\" id=\"audio_nonce\" value=\"6f73a554f1\">","protected":false},"excerpt":{"rendered":"<p>Entre as capitais, a temperatura m\u00ednima prevista ser\u00e1 de 13\u00b0C, em Curitiba. J\u00e1 a m\u00e1xima ser\u00e1 de 29\u00b0C, tamb\u00e9m em Curitiba. A umidade relativa do ar varia entre  60% e 95%<\/p>\n","protected":false},"author":1,"featured_media":45576,"comment_status":"open","ping_status":"open","sticky":false,"template":"","format":"standard","meta":{"fifu_image_url":"","fifu_image_alt":"","footnotes":""},"categories":[58],"tags":[],"class_list":["post-45575","post","type-post","status-publish","format-standard","has-post-thumbnail","hentry","category-cotidiano"],"distributor_meta":false,"distributor_terms":false,"distributor_media":false,"distributor_original_site_name":"Noticias em Destaque","distributor_original_site_url":"https:\/\/noticiasdestaque.com.br","push-errors":false,"_links":{"self":[{"href":"https:\/\/noticiasdestaque.com.br\/index.php\/wp-json\/wp\/v2\/posts\/45575","targetHints":{"allow":["GET"]}}],"collection":[{"href":"https:\/\/noticiasdestaque.com.br\/index.php\/wp-json\/wp\/v2\/posts"}],"about":[{"href":"https:\/\/noticiasdestaque.com.br\/index.php\/wp-json\/wp\/v2\/types\/post"}],"author":[{"embeddable":true,"href":"https:\/\/noticiasdestaque.com.br\/index.php\/wp-json\/wp\/v2\/users\/1"}],"replies":[{"embeddable":true,"href":"https:\/\/noticiasdestaque.com.br\/index.php\/wp-json\/wp\/v2\/comments?post=45575"}],"version-history":[{"count":0,"href":"https:\/\/noticiasdestaque.com.br\/index.php\/wp-json\/wp\/v2\/posts\/45575\/revisions"}],"wp:featuredmedia":[{"embeddable":true,"href":"https:\/\/noticiasdestaque.com.br\/index.php\/wp-json\/wp\/v2\/media\/45576"}],"wp:attachment":[{"href":"https:\/\/noticiasdestaque.com.br\/index.php\/wp-json\/wp\/v2\/media?parent=45575"}],"wp:term":[{"taxonomy":"category","embeddable":true,"href":"https:\/\/noticiasdestaque.com.br\/index.php\/wp-json\/wp\/v2\/categories?post=45575"},{"taxonomy":"post_tag","embeddable":true,"href":"https:\/\/noticiasdestaque.com.br\/index.php\/wp-json\/wp\/v2\/tags?post=45575"}],"curies":[{"name":"wp","href":"https:\/\/api.w.org\/{rel}","templated":true}]}}