{"id":45567,"date":"2025-08-30T18:00:00","date_gmt":"2025-08-30T21:00:00","guid":{"rendered":"https:\/\/noticiasdestaque.com.br\/index.php\/2025\/08\/30\/previsao-do-tempo-domingo-31-chuvoso-na-regiao-nordeste\/"},"modified":"2025-08-30T18:00:00","modified_gmt":"2025-08-30T21:00:00","slug":"previsao-do-tempo-domingo-31-chuvoso-na-regiao-nordeste","status":"publish","type":"post","link":"https:\/\/noticiasdestaque.com.br\/index.php\/2025\/08\/30\/previsao-do-tempo-domingo-31-chuvoso-na-regiao-nordeste\/","title":{"rendered":"PREVIS\u00c3O DO TEMPO: domingo (31) chuvoso na Regi\u00e3o Nordeste"},"content":{"rendered":"<p>\t\t\t\t\t\t\t\t\t\t<audio controls class=\"b61_audio_player\" data-noticia=\"84325\" src=\"https:\/\/brasil61.com\/rails\/active_storage\/blobs\/eyJfcmFpbHMiOnsibWVzc2FnZSI6IkJBaHBBNXlTQXc9PSIsImV4cCI6bnVsbCwicHVyIjoiYmxvYl9pZCJ9fQ==--775914caa4939e47cd4da89800a8c56bee1ee79d\/PTND254785A\"><\/audio><\/p>\n<p>A previs\u00e3o do tempo para este domingo (31) \u00e9 de instabilidade para quase toda regi\u00e3o Nordeste. Muitas nuvens com chuva isolada s\u00e3o esperadas para <strong>Bahia<\/strong>, <strong>Sergipe<\/strong>, <strong>Alagoas<\/strong>, <strong>Pernambuco<\/strong>, <strong>Para\u00edba<\/strong>, <strong>Rio Grande do Norte<\/strong> e <strong>Maranh\u00e3o<\/strong>. Enquanto no <strong>Cear\u00e1 <\/strong>e <strong>Piau\u00ed\u00a0<\/strong>a previs\u00e3o \u00e9 de sol com varia\u00e7\u00f5es de nuvens ao decorrer do dia.\u00a0<\/p>\n<p>Entre as capitais, a temperatura m\u00ednima prevista ser\u00e1 de 20\u00b0C, em Salvador. J\u00e1 a m\u00e1xima ser\u00e1 de 37\u00b0C, em Teresina. A umidade relativa do ar varia entre 30% e 100%.\u00a0<\/p>\n<p>As informa\u00e7\u00f5es s\u00e3o do <strong>Instituto Nacional de Meteorologia<\/strong> (<a href=\"https:\/\/portal.inmet.gov.br\/\" target=\"_blank\">Inmet<\/a>). \u00a0<\/p>\n<p>\t\t\t\t\t\t\t\t\t<img loading=\"lazy\" decoding=\"async\" src=\"https:\/\/brasil61.com\/api\/v1\/serve_pixel\/17677\/84325\" alt=\"Pixel Brasil 61\" class=\"b61_pixel\" width=\"0\" height=\"0\"><\/p>\n<input type=\"hidden\" id=\"baseurl\" value=\"https:\/\/noticiasdestaque.com.br\"><input type=\"hidden\" id=\"audio_nonce\" value=\"5128c810d9\">","protected":false},"excerpt":{"rendered":"<p>Entre as capitais, a temperatura m\u00ednima prevista ser\u00e1 de 20\u00b0C, em Salvador. J\u00e1 a m\u00e1xima ser\u00e1 de 37\u00b0C, em Teresina. A umidade relativa do ar varia entre 30% e 100%<\/p>\n","protected":false},"author":1,"featured_media":45568,"comment_status":"open","ping_status":"open","sticky":false,"template":"","format":"standard","meta":{"fifu_image_url":"","fifu_image_alt":"","footnotes":""},"categories":[58],"tags":[],"class_list":["post-45567","post","type-post","status-publish","format-standard","has-post-thumbnail","hentry","category-cotidiano"],"distributor_meta":false,"distributor_terms":false,"distributor_media":false,"distributor_original_site_name":"Noticias em Destaque","distributor_original_site_url":"https:\/\/noticiasdestaque.com.br","push-errors":false,"_links":{"self":[{"href":"https:\/\/noticiasdestaque.com.br\/index.php\/wp-json\/wp\/v2\/posts\/45567","targetHints":{"allow":["GET"]}}],"collection":[{"href":"https:\/\/noticiasdestaque.com.br\/index.php\/wp-json\/wp\/v2\/posts"}],"about":[{"href":"https:\/\/noticiasdestaque.com.br\/index.php\/wp-json\/wp\/v2\/types\/post"}],"author":[{"embeddable":true,"href":"https:\/\/noticiasdestaque.com.br\/index.php\/wp-json\/wp\/v2\/users\/1"}],"replies":[{"embeddable":true,"href":"https:\/\/noticiasdestaque.com.br\/index.php\/wp-json\/wp\/v2\/comments?post=45567"}],"version-history":[{"count":0,"href":"https:\/\/noticiasdestaque.com.br\/index.php\/wp-json\/wp\/v2\/posts\/45567\/revisions"}],"wp:featuredmedia":[{"embeddable":true,"href":"https:\/\/noticiasdestaque.com.br\/index.php\/wp-json\/wp\/v2\/media\/45568"}],"wp:attachment":[{"href":"https:\/\/noticiasdestaque.com.br\/index.php\/wp-json\/wp\/v2\/media?parent=45567"}],"wp:term":[{"taxonomy":"category","embeddable":true,"href":"https:\/\/noticiasdestaque.com.br\/index.php\/wp-json\/wp\/v2\/categories?post=45567"},{"taxonomy":"post_tag","embeddable":true,"href":"https:\/\/noticiasdestaque.com.br\/index.php\/wp-json\/wp\/v2\/tags?post=45567"}],"curies":[{"name":"wp","href":"https:\/\/api.w.org\/{rel}","templated":true}]}}