{"id":45559,"date":"2025-08-30T04:00:00","date_gmt":"2025-08-30T07:00:00","guid":{"rendered":"https:\/\/noticiasdestaque.com.br\/index.php\/2025\/08\/30\/infogripe-numero-de-casos-de-srag-por-covid-19-aumenta-em-quatro-estados-do-pais\/"},"modified":"2025-08-30T04:00:00","modified_gmt":"2025-08-30T07:00:00","slug":"infogripe-numero-de-casos-de-srag-por-covid-19-aumenta-em-quatro-estados-do-pais","status":"publish","type":"post","link":"https:\/\/noticiasdestaque.com.br\/index.php\/2025\/08\/30\/infogripe-numero-de-casos-de-srag-por-covid-19-aumenta-em-quatro-estados-do-pais\/","title":{"rendered":"InfoGripe: n\u00famero de casos de SRAG por Covid-19 aumenta em quatro estados do pa\u00eds"},"content":{"rendered":"<p>\t\t\t\t\t\t\t\t\t\t<audio controls class=\"b61_audio_player\" data-noticia=\"84306\" src=\"https:\/\/brasil61.com\/rails\/active_storage\/blobs\/eyJfcmFpbHMiOnsibWVzc2FnZSI6IkJBaHBBM3FTQXc9PSIsImV4cCI6bnVsbCwicHVyIjoiYmxvYl9pZCJ9fQ==--64a7c629b59eb4b77df5d32e895e7c817b900419\/BRAS2514624A\"><\/audio><\/p>\n<p>O mais recente <a href=\"https:\/\/gitlab.fiocruz.br\/marcelo.gomes\/infogripe\/-\/blob\/master\/Boletins%20do%20InfoGripe\/Resumo_InfoGripe_atual.pdf\" target=\"_blank\">Boletim InfoGripe da Fiocruz<\/a> aponta que o <strong>n\u00famero de casos de S\u00edndrome Respirat\u00f3ria Grave (SRAG) por Covid-19 tem aumentado no Rio de Janeiro, Cear\u00e1, Amazonas e Para\u00edba.<\/strong><\/p>\n<p>Apesar da alta ainda n\u00e3o ter gerado grandes impactos nas hospitaliza\u00e7\u00f5es por SRAG, a<strong> popula\u00e7\u00e3o deve ficar atenta aos cuidados respirat\u00f3rios e \u00e0 vacina\u00e7\u00e3o<\/strong>. A an\u00e1lise \u00e9 referente ao per\u00edodo de 17 a 23 de agosto.<\/p>\n<p>A pesquisadora do Programa de Computa\u00e7\u00e3o Cient\u00edfica da Fiocruz e do InfoGripe, Tatiana Portella, destaca que a vacina\u00e7\u00e3o \u00e9 essencial para proteger a popula\u00e7\u00e3o, especialmente a vacina contra a Covid-19. Segundo ela, estar imunizado \u00e9 a principal forma de prote\u00e7\u00e3o contra os casos graves e \u00f3bitos da doen\u00e7a.<\/p>\n<p><strong>Tatiana Portella frisa a import\u00e2ncia de as pessoas dos grupos de risco verificarem se est\u00e3o em dia com a vacina.<\/strong><\/p>\n<p>\u201cPor isso a gente pede para que as pessoas dos grupos de risco verifiquem se est\u00e3o em dia com a vacina\u00e7\u00e3o contra o v\u00edrus, lembrando que idosos precisam tomar doses de refor\u00e7o a cada seis meses, enquanto que os outros grupos, como imunocomprometidos, que s\u00e3o tamb\u00e9m grupos de risco, precisam tomar doses de refor\u00e7o uma vez ao ano\u201d, refor\u00e7a Portella.<\/p>\n<h2>SRAG<\/h2>\n<p>Conforme o Boletim, o<strong> aumento dos casos de SRAG no Distrito Federal, Mato Grosso e Goi\u00e1s ocorre principalmente nas crian\u00e7as e adolescentes de dois a 14 anos. <\/strong>O documento informa que a alta pode estar <strong>sendo impulsionada pelo rinov\u00edrus<\/strong>.\u00a0<\/p>\n<p>J\u00e1 o crescimento de SRAG vem ocorrendo especificamente na faixa et\u00e1ria de 2 a 14 anos em diversos estados do centro-sul brasileiro, com destaque para S\u00e3o Paulo. No estado paulista o avan\u00e7o \u00e9 acentuado, conforme o levantamento.<\/p>\n<p>Apenas no Amazonas, o crescimento do n\u00famero de casos ocorre entre crian\u00e7as pequenas e \u00e9 causado pelo V\u00edrus Sincicial Respirat\u00f3rio (VSR). O estado tamb\u00e9m \u00e9 o \u00fanico que ainda apresenta avan\u00e7o de SRAG por VSR no pa\u00eds.<\/p>\n<p>A pesquisa identificou que <strong>duas das 27 capitais apresentam n\u00edvel de atividade de SRAG em alerta, risco ou alto risco<\/strong> \u2013 referente \u00e0s \u00faltimas duas semanas \u2013 com sinal de crescimento de SRAG na tend\u00eancia de longo prazo, nas \u00faltimas seis semanas, at\u00e9 a semana 34. As capitais s\u00e3o: <strong>Cuiab\u00e1 (MT) e Manaus (AM).<\/strong><\/p>\n<p><strong>Em 2025, j\u00e1 foram notificados 163,9 mil\u00a0casos de SRAG, sendo 53,5% com resultado laboratorial positivo para algum v\u00edrus respirat\u00f3rio. <\/strong>Entre os casos positivos, 24,6% foram de influenza A e apenas 1,1% de influenza B. Por outro lado, 45,1% foram de v\u00edrus sincicial respirat\u00f3rio, 44,8% de rinov\u00edrus e 11,5% de Sars-CoV-2 (Covid-19). \u00a0\u00a0<\/p>\n<h2>Covid-19<\/h2>\n<p>O Brasil vive um momento de alerta no acompanhamento da Covid-19. Um boletim recente do Instituto Todos pela Sa\u00fade mostra que, at\u00e9 o dia 16 de agosto, <a href=\"https:\/\/brasil61.com\/n\/covid-19-positividade-de-testes-salta-de-5-para-13-em-um-mes-bras2514598\">houve oito semanas consecutivas de alta na confirma\u00e7\u00e3o de casos da doen\u00e7a.\u00a0<\/a><\/p>\n<p>A eleva\u00e7\u00e3o foi observada em todas as faixas et\u00e1rias, com impacto mais acentuado entre os adultos de 30 a 59 anos. Entre os estados, o Distrito Federal registrou a maior taxa na \u00faltima semana, com 19%, seguido do Rio de Janeiro e de S\u00e3o Paulo, ambos com 18%.<br \/>\n\u00a0<\/p>\n<p>\t\t\t\t\t\t\t\t\t<img loading=\"lazy\" decoding=\"async\" src=\"https:\/\/brasil61.com\/api\/v1\/serve_pixel\/17677\/84306\" alt=\"Pixel Brasil 61\" class=\"b61_pixel\" width=\"0\" height=\"0\"><\/p>\n<input type=\"hidden\" id=\"baseurl\" value=\"https:\/\/noticiasdestaque.com.br\"><input type=\"hidden\" id=\"audio_nonce\" value=\"6f73a554f1\">","protected":false},"excerpt":{"rendered":"<p>Boletim da FioCruz aponta que alta foi registrada no Rio de Janeiro, Cear\u00e1, Amazonas e Para\u00edba; apesar de n\u00e3o ter grandes impactos nas hospitaliza\u00e7\u00f5es por SRAG, popula\u00e7\u00e3o deve ficar atenta, diz pesquisadora<\/p>\n","protected":false},"author":1,"featured_media":45560,"comment_status":"open","ping_status":"open","sticky":false,"template":"","format":"standard","meta":{"fifu_image_url":"","fifu_image_alt":"","footnotes":""},"categories":[51],"tags":[],"class_list":["post-45559","post","type-post","status-publish","format-standard","has-post-thumbnail","hentry","category-saude"],"distributor_meta":false,"distributor_terms":false,"distributor_media":false,"distributor_original_site_name":"Noticias em Destaque","distributor_original_site_url":"https:\/\/noticiasdestaque.com.br","push-errors":false,"_links":{"self":[{"href":"https:\/\/noticiasdestaque.com.br\/index.php\/wp-json\/wp\/v2\/posts\/45559","targetHints":{"allow":["GET"]}}],"collection":[{"href":"https:\/\/noticiasdestaque.com.br\/index.php\/wp-json\/wp\/v2\/posts"}],"about":[{"href":"https:\/\/noticiasdestaque.com.br\/index.php\/wp-json\/wp\/v2\/types\/post"}],"author":[{"embeddable":true,"href":"https:\/\/noticiasdestaque.com.br\/index.php\/wp-json\/wp\/v2\/users\/1"}],"replies":[{"embeddable":true,"href":"https:\/\/noticiasdestaque.com.br\/index.php\/wp-json\/wp\/v2\/comments?post=45559"}],"version-history":[{"count":0,"href":"https:\/\/noticiasdestaque.com.br\/index.php\/wp-json\/wp\/v2\/posts\/45559\/revisions"}],"wp:featuredmedia":[{"embeddable":true,"href":"https:\/\/noticiasdestaque.com.br\/index.php\/wp-json\/wp\/v2\/media\/45560"}],"wp:attachment":[{"href":"https:\/\/noticiasdestaque.com.br\/index.php\/wp-json\/wp\/v2\/media?parent=45559"}],"wp:term":[{"taxonomy":"category","embeddable":true,"href":"https:\/\/noticiasdestaque.com.br\/index.php\/wp-json\/wp\/v2\/categories?post=45559"},{"taxonomy":"post_tag","embeddable":true,"href":"https:\/\/noticiasdestaque.com.br\/index.php\/wp-json\/wp\/v2\/tags?post=45559"}],"curies":[{"name":"wp","href":"https:\/\/api.w.org\/{rel}","templated":true}]}}