{"id":45506,"date":"2025-08-28T00:00:00","date_gmt":"2025-08-28T03:00:00","guid":{"rendered":"https:\/\/noticiasdestaque.com.br\/index.php\/2025\/08\/28\/pe-de-meia-pagamento-para-nascidos-em-julho-e-agosto-ocorre-nesta-quinta-feira-28\/"},"modified":"2025-08-28T00:00:00","modified_gmt":"2025-08-28T03:00:00","slug":"pe-de-meia-pagamento-para-nascidos-em-julho-e-agosto-ocorre-nesta-quinta-feira-28","status":"publish","type":"post","link":"https:\/\/noticiasdestaque.com.br\/index.php\/2025\/08\/28\/pe-de-meia-pagamento-para-nascidos-em-julho-e-agosto-ocorre-nesta-quinta-feira-28\/","title":{"rendered":"P\u00e9-de-Meia: pagamento para nascidos em julho e agosto ocorre nesta quinta-feira (28)"},"content":{"rendered":"<p>\t\t\t\t\t\t\t\t\t\t<audio controls class=\"b61_audio_player\" data-noticia=\"83994\" src=\"https:\/\/brasil61.com\/rails\/active_storage\/blobs\/eyJfcmFpbHMiOnsibWVzc2FnZSI6IkJBaHBBMVdJQXc9PSIsImV4cCI6bnVsbCwicHVyIjoiYmxvYl9pZCJ9fQ==--74d90960c0dc1ed3c0e90ca173565e8c04e3c53a\/PCXA250598A\"><\/audio><\/p>\n<p><!--StartFragment --><\/p>\n<p><strong>A CAIXA paga nesta quinta-feira (28) para os estudantes nascidos nos meses de julho e agosto, uma nova parcela do Incentivo Frequ\u00eancia do Programa P\u00e9-de-Meia.<\/strong><\/p>\n<p>O incentivo ser\u00e1 creditado em conta Poupan\u00e7a CAIXA Tem e os valores podem ser movimentados pelo App CAIXA Tem. \u00a0<\/p>\n<p>Para facilitar ainda mais o dia a dia, \u00e9 poss\u00edvel solicitar gratuitamente o cart\u00e3o P\u00e9-de-Meia pelo pr\u00f3prio app CAIXA Tem, permitindo o uso dos recursos em compras e pagamentos.\u00a0<\/p>\n<p>E tem mais uma boa not\u00edcia! Voc\u00ea que foi aprovado na Educa\u00e7\u00e3o de Jovens e Adultos (EJA), no primeiro semestre de 2025, receber\u00e1 o cr\u00e9dito do Incentivo Conclus\u00e3o, neste calend\u00e1rio. O Incentivo ser\u00e1 liberado para movimenta\u00e7\u00e3o ap\u00f3s a conclus\u00e3o do Ensino M\u00e9dio.<\/p>\n<p>O Programa P\u00e9-de-Meia apoia a perman\u00eancia e a conclus\u00e3o escolar dos estudantes matriculados no Ensino M\u00e9dio da rede p\u00fablica.<\/p>\n<p>Para mais informa\u00e7\u00f5es sobre os pagamentos do P\u00e9-de-Meia, acesse o site da <a href=\"https:\/\/www.caixa.gov.br\/programas-sociais\/pe-de-meia\" target=\"_blank\">Caixa<\/a>.\u00a0<\/p>\n<p><!--EndFragment --><\/p>\n<p>\t\t\t\t\t\t\t\t\t<img loading=\"lazy\" decoding=\"async\" src=\"https:\/\/brasil61.com\/api\/v1\/serve_pixel\/17677\/83994\" alt=\"Pixel Brasil 61\" class=\"b61_pixel\" width=\"0\" height=\"0\"><\/p>\n<input type=\"hidden\" id=\"baseurl\" value=\"https:\/\/noticiasdestaque.com.br\"><input type=\"hidden\" id=\"audio_nonce\" value=\"62ca87eee3\">","protected":false},"excerpt":{"rendered":"<p>A CAIXA paga nesta quinta-feira (28) para os estudantes nascidos nos meses de julho e agosto, uma nova parcela do Incentivo Frequ\u00eancia do Programa P\u00e9-de-Meia.<\/p>\n","protected":false},"author":1,"featured_media":45507,"comment_status":"open","ping_status":"open","sticky":false,"template":"","format":"standard","meta":{"fifu_image_url":"","fifu_image_alt":"","footnotes":""},"categories":[59],"tags":[],"class_list":["post-45506","post","type-post","status-publish","format-standard","has-post-thumbnail","hentry","category-economia"],"distributor_meta":false,"distributor_terms":false,"distributor_media":false,"distributor_original_site_name":"Noticias em Destaque","distributor_original_site_url":"https:\/\/noticiasdestaque.com.br","push-errors":false,"_links":{"self":[{"href":"https:\/\/noticiasdestaque.com.br\/index.php\/wp-json\/wp\/v2\/posts\/45506","targetHints":{"allow":["GET"]}}],"collection":[{"href":"https:\/\/noticiasdestaque.com.br\/index.php\/wp-json\/wp\/v2\/posts"}],"about":[{"href":"https:\/\/noticiasdestaque.com.br\/index.php\/wp-json\/wp\/v2\/types\/post"}],"author":[{"embeddable":true,"href":"https:\/\/noticiasdestaque.com.br\/index.php\/wp-json\/wp\/v2\/users\/1"}],"replies":[{"embeddable":true,"href":"https:\/\/noticiasdestaque.com.br\/index.php\/wp-json\/wp\/v2\/comments?post=45506"}],"version-history":[{"count":0,"href":"https:\/\/noticiasdestaque.com.br\/index.php\/wp-json\/wp\/v2\/posts\/45506\/revisions"}],"wp:featuredmedia":[{"embeddable":true,"href":"https:\/\/noticiasdestaque.com.br\/index.php\/wp-json\/wp\/v2\/media\/45507"}],"wp:attachment":[{"href":"https:\/\/noticiasdestaque.com.br\/index.php\/wp-json\/wp\/v2\/media?parent=45506"}],"wp:term":[{"taxonomy":"category","embeddable":true,"href":"https:\/\/noticiasdestaque.com.br\/index.php\/wp-json\/wp\/v2\/categories?post=45506"},{"taxonomy":"post_tag","embeddable":true,"href":"https:\/\/noticiasdestaque.com.br\/index.php\/wp-json\/wp\/v2\/tags?post=45506"}],"curies":[{"name":"wp","href":"https:\/\/api.w.org\/{rel}","templated":true}]}}