{"id":45498,"date":"2025-08-27T18:40:00","date_gmt":"2025-08-27T21:40:00","guid":{"rendered":"https:\/\/noticiasdestaque.com.br\/index.php\/2025\/08\/27\/previsao-do-tempo-quinta-feira-28-com-sol-entre-poucas-nuvens-em-grande-parte-do-sul\/"},"modified":"2025-08-27T18:40:00","modified_gmt":"2025-08-27T21:40:00","slug":"previsao-do-tempo-quinta-feira-28-com-sol-entre-poucas-nuvens-em-grande-parte-do-sul","status":"publish","type":"post","link":"https:\/\/noticiasdestaque.com.br\/index.php\/2025\/08\/27\/previsao-do-tempo-quinta-feira-28-com-sol-entre-poucas-nuvens-em-grande-parte-do-sul\/","title":{"rendered":"PREVIS\u00c3O DO TEMPO: quinta-feira (28) com sol entre poucas nuvens em grande parte do Sul"},"content":{"rendered":"<p>\t\t\t\t\t\t\t\t\t\t<audio controls class=\"b61_audio_player\" data-noticia=\"84261\" src=\"https:\/\/brasil61.com\/rails\/active_storage\/blobs\/eyJfcmFpbHMiOnsibWVzc2FnZSI6IkJBaHBBMzZRQXc9PSIsImV4cCI6bnVsbCwicHVyIjoiYmxvYl9pZCJ9fQ==--f68d4c4c78950e30cabac8d915365c4f1e98bd62\/PTRS254049A\"><\/audio><\/p>\n<p>A<strong> previs\u00e3o do tempo para esta quinta-feira (28) na Regi\u00e3o Sul<\/strong>\u00a0\u00e9 de sol entre poucas nuvens\u00a0no <strong>Paran\u00e1, Santa Catarina e Rio Grande do Sul<\/strong>. No litoral catarinense e ga\u00facho, h\u00e1 possibilidade de chuvas isoladas.<\/p>\n<p>Durante a tarde, o sol predomina na maior parte da regi\u00e3o, mas h\u00e1 possibilidade de pancadas de chuva no litoral do <strong>Paran\u00e1 <\/strong>e em pontos isolados de <strong>Santa Catarina<\/strong>.<\/p>\n<p>\u00c0 noite, o tempo fica nublado e as chuvas se intensificam no litoral do <strong>Paran\u00e1 <\/strong>e no norte de <strong>Santa Catarina<\/strong>.\u00a0<\/p>\n<p>Entre as capitais, a temperatura m\u00ednima prevista \u00e9 de 12\u00b0C em <strong>Curitiba;<\/strong>\u00a0a m\u00e1xima est\u00e1 prevista para <strong>Porto Alegre<\/strong>, com 19\u00b0C. A umidade relativa do ar varia entre 60% e 100%.<\/p>\n<p>As informa\u00e7\u00f5es s\u00e3o do <strong>Instituto Nacional de Meteorologia (<a href=\"https:\/\/portal.inmet.gov.br\/\" target=\"_blank\">Inmet<\/a>)<\/strong>.<br \/>\n\u00a0<\/p>\n<p>\t\t\t\t\t\t\t\t\t<img loading=\"lazy\" decoding=\"async\" src=\"https:\/\/brasil61.com\/api\/v1\/serve_pixel\/17677\/84261\" alt=\"Pixel Brasil 61\" class=\"b61_pixel\" width=\"0\" height=\"0\"><\/p>\n<input type=\"hidden\" id=\"baseurl\" value=\"https:\/\/noticiasdestaque.com.br\"><input type=\"hidden\" id=\"audio_nonce\" value=\"62ca87eee3\">","protected":false},"excerpt":{"rendered":"<p>Entre as capitais, a temperatura m\u00ednima prevista \u00e9 de 12\u00b0C em Curitiba; a m\u00e1xima est\u00e1 prevista para Porto Alegre, com 19\u00b0C. A umidade relativa do ar varia entre 60% e 100%.<\/p>\n","protected":false},"author":1,"featured_media":45499,"comment_status":"open","ping_status":"open","sticky":false,"template":"","format":"standard","meta":{"fifu_image_url":"","fifu_image_alt":"","footnotes":""},"categories":[58],"tags":[],"class_list":["post-45498","post","type-post","status-publish","format-standard","has-post-thumbnail","hentry","category-cotidiano"],"distributor_meta":false,"distributor_terms":false,"distributor_media":false,"distributor_original_site_name":"Noticias em Destaque","distributor_original_site_url":"https:\/\/noticiasdestaque.com.br","push-errors":false,"_links":{"self":[{"href":"https:\/\/noticiasdestaque.com.br\/index.php\/wp-json\/wp\/v2\/posts\/45498","targetHints":{"allow":["GET"]}}],"collection":[{"href":"https:\/\/noticiasdestaque.com.br\/index.php\/wp-json\/wp\/v2\/posts"}],"about":[{"href":"https:\/\/noticiasdestaque.com.br\/index.php\/wp-json\/wp\/v2\/types\/post"}],"author":[{"embeddable":true,"href":"https:\/\/noticiasdestaque.com.br\/index.php\/wp-json\/wp\/v2\/users\/1"}],"replies":[{"embeddable":true,"href":"https:\/\/noticiasdestaque.com.br\/index.php\/wp-json\/wp\/v2\/comments?post=45498"}],"version-history":[{"count":0,"href":"https:\/\/noticiasdestaque.com.br\/index.php\/wp-json\/wp\/v2\/posts\/45498\/revisions"}],"wp:featuredmedia":[{"embeddable":true,"href":"https:\/\/noticiasdestaque.com.br\/index.php\/wp-json\/wp\/v2\/media\/45499"}],"wp:attachment":[{"href":"https:\/\/noticiasdestaque.com.br\/index.php\/wp-json\/wp\/v2\/media?parent=45498"}],"wp:term":[{"taxonomy":"category","embeddable":true,"href":"https:\/\/noticiasdestaque.com.br\/index.php\/wp-json\/wp\/v2\/categories?post=45498"},{"taxonomy":"post_tag","embeddable":true,"href":"https:\/\/noticiasdestaque.com.br\/index.php\/wp-json\/wp\/v2\/tags?post=45498"}],"curies":[{"name":"wp","href":"https:\/\/api.w.org\/{rel}","templated":true}]}}