{"id":45496,"date":"2025-08-27T18:30:00","date_gmt":"2025-08-27T21:30:00","guid":{"rendered":"https:\/\/noticiasdestaque.com.br\/index.php\/2025\/08\/27\/previsao-do-tempo-quinta-feira-28-ensolarada-em-grande-parte-do-centro-oeste\/"},"modified":"2025-08-27T18:30:00","modified_gmt":"2025-08-27T21:30:00","slug":"previsao-do-tempo-quinta-feira-28-ensolarada-em-grande-parte-do-centro-oeste","status":"publish","type":"post","link":"https:\/\/noticiasdestaque.com.br\/index.php\/2025\/08\/27\/previsao-do-tempo-quinta-feira-28-ensolarada-em-grande-parte-do-centro-oeste\/","title":{"rendered":"PREVIS\u00c3O DO TEMPO: quinta-feira (28) ensolarada em grande parte do Centro-Oeste"},"content":{"rendered":"<p>\t\t\t\t\t\t\t\t\t\t<audio controls class=\"b61_audio_player\" data-noticia=\"84259\" src=\"https:\/\/brasil61.com\/rails\/active_storage\/blobs\/eyJfcmFpbHMiOnsibWVzc2FnZSI6IkJBaHBBMytRQXc9PSIsImV4cCI6bnVsbCwicHVyIjoiYmxvYl9pZCJ9fQ==--e898fbb1cdd9e62e6911b40531ebc5696cb43638\/PTCO254184A\"><\/audio><\/p>\n<p>A <strong>previs\u00e3o do tempo para esta quinta-feira (28) na Regi\u00e3o Centro-Oeste <\/strong>\u00e9 de sol entre poucas nuvens em grande parte da regi\u00e3o durante a manh\u00e3, com possibilidade de chuvas isoladas no sul de<strong> Mato Grosso do Sul<\/strong>.<\/p>\n<p>Durante a tarde, pancadas de chuva acompanhadas de trovoadas s\u00e3o esperadas no\u00a0sul de <strong>Mato Grosso do Sul<\/strong>, enquanto no <strong>Distrito Federal<\/strong>, <strong>Goi\u00e1s <\/strong>e <strong>Mato Grosso<\/strong> o sol predomina.<\/p>\n<p>\u00c0 noite, o tempo fica nublado e as chuvas se espalham por <strong>Mato Grosso do Sul<\/strong>, especialmente na fronteira com o Paraguai. Nas demais \u00e1reas, poucas nuvens.<\/p>\n<p>Entre as capitais, <strong>Campo Grande, Goi\u00e1s e Bras\u00edlia\u00a0<\/strong>devem registrar a menor temperatura do dia, com m\u00ednima prevista de 17\u00b0C. J\u00e1 a m\u00e1xima pode atingir at\u00e9 35\u00b0C, em <b>Goi\u00e2nia e Cuiab\u00e1<\/b>. A umidade relativa do ar varia entre 15% e 75%.<\/p>\n<p>As informa\u00e7\u00f5es s\u00e3o do<strong> Instituto Nacional de Meteorologia (<a href=\"https:\/\/portal.inmet.gov.br\/\" target=\"_blank\">Inmet<\/a>)<\/strong>.<br \/>\n\u00a0<\/p>\n<p>\t\t\t\t\t\t\t\t\t<img loading=\"lazy\" decoding=\"async\" src=\"https:\/\/brasil61.com\/api\/v1\/serve_pixel\/17677\/84259\" alt=\"Pixel Brasil 61\" class=\"b61_pixel\" width=\"0\" height=\"0\"><\/p>\n<input type=\"hidden\" id=\"baseurl\" value=\"https:\/\/noticiasdestaque.com.br\"><input type=\"hidden\" id=\"audio_nonce\" value=\"eb7638fb71\">","protected":false},"excerpt":{"rendered":"<p>Entre as capitais, Campo Grande, Goi\u00e1s e Bras\u00edlia\u00a0devem registrar a menor temperatura do dia, com m\u00ednima prevista de 17\u00b0C. J\u00e1 a m\u00e1xima pode atingir at\u00e9 35\u00b0C, em Goi\u00e2nia e Cuiab\u00e1. A umidade relativa do ar varia entre 15% e 75%.<\/p>\n","protected":false},"author":1,"featured_media":45497,"comment_status":"open","ping_status":"open","sticky":false,"template":"","format":"standard","meta":{"fifu_image_url":"","fifu_image_alt":"","footnotes":""},"categories":[58],"tags":[],"class_list":["post-45496","post","type-post","status-publish","format-standard","has-post-thumbnail","hentry","category-cotidiano"],"distributor_meta":false,"distributor_terms":false,"distributor_media":false,"distributor_original_site_name":"Noticias em Destaque","distributor_original_site_url":"https:\/\/noticiasdestaque.com.br","push-errors":false,"_links":{"self":[{"href":"https:\/\/noticiasdestaque.com.br\/index.php\/wp-json\/wp\/v2\/posts\/45496","targetHints":{"allow":["GET"]}}],"collection":[{"href":"https:\/\/noticiasdestaque.com.br\/index.php\/wp-json\/wp\/v2\/posts"}],"about":[{"href":"https:\/\/noticiasdestaque.com.br\/index.php\/wp-json\/wp\/v2\/types\/post"}],"author":[{"embeddable":true,"href":"https:\/\/noticiasdestaque.com.br\/index.php\/wp-json\/wp\/v2\/users\/1"}],"replies":[{"embeddable":true,"href":"https:\/\/noticiasdestaque.com.br\/index.php\/wp-json\/wp\/v2\/comments?post=45496"}],"version-history":[{"count":0,"href":"https:\/\/noticiasdestaque.com.br\/index.php\/wp-json\/wp\/v2\/posts\/45496\/revisions"}],"wp:featuredmedia":[{"embeddable":true,"href":"https:\/\/noticiasdestaque.com.br\/index.php\/wp-json\/wp\/v2\/media\/45497"}],"wp:attachment":[{"href":"https:\/\/noticiasdestaque.com.br\/index.php\/wp-json\/wp\/v2\/media?parent=45496"}],"wp:term":[{"taxonomy":"category","embeddable":true,"href":"https:\/\/noticiasdestaque.com.br\/index.php\/wp-json\/wp\/v2\/categories?post=45496"},{"taxonomy":"post_tag","embeddable":true,"href":"https:\/\/noticiasdestaque.com.br\/index.php\/wp-json\/wp\/v2\/tags?post=45496"}],"curies":[{"name":"wp","href":"https:\/\/api.w.org\/{rel}","templated":true}]}}