{"id":45494,"date":"2025-08-27T18:20:00","date_gmt":"2025-08-27T21:20:00","guid":{"rendered":"https:\/\/noticiasdestaque.com.br\/index.php\/2025\/08\/27\/previsao-do-tempo-sudeste-com-poucas-nuvens-nesta-quinta-feira-28\/"},"modified":"2025-08-27T18:20:00","modified_gmt":"2025-08-27T21:20:00","slug":"previsao-do-tempo-sudeste-com-poucas-nuvens-nesta-quinta-feira-28","status":"publish","type":"post","link":"https:\/\/noticiasdestaque.com.br\/index.php\/2025\/08\/27\/previsao-do-tempo-sudeste-com-poucas-nuvens-nesta-quinta-feira-28\/","title":{"rendered":"PREVIS\u00c3O DO TEMPO: Sudeste com poucas nuvens nesta quinta-feira (28)"},"content":{"rendered":"<p>\t\t\t\t\t\t\t\t\t\t<audio controls class=\"b61_audio_player\" data-noticia=\"84258\" src=\"https:\/\/brasil61.com\/rails\/active_storage\/blobs\/eyJfcmFpbHMiOnsibWVzc2FnZSI6IkJBaHBBNENRQXc9PSIsImV4cCI6bnVsbCwicHVyIjoiYmxvYl9pZCJ9fQ==--1c0398248402f774e8b3a82a9a9873b2b3306442\/PTSD254168A\"><\/audio><\/p>\n<p>A<strong> previs\u00e3o do tempo para esta quinta-feira (28) na Regi\u00e3o Sudeste<\/strong> \u00e9 de manh\u00e3 ensolarada com poucas nuvens no interior de <strong>Minas Gerais <\/strong>e <strong>Esp\u00edrito Santo<\/strong>, enquanto \u00e1reas do litoral de <strong>S\u00e3o Paulo<\/strong> e <strong>Rio de Janeiro<\/strong> j\u00e1 registram chuvas isoladas.<\/p>\n<p>Durante a tarde, h\u00e1 previs\u00e3o de\u00a0pancadas de chuva acompanhadas de trovoadas no litoral paulista e fluminense.\u00a0<\/p>\n<p>\u00c0 noite, o tempo fica nublado e as chuvas se intensificam em \u00e1reas do litoral sul de <strong>S\u00e3o Paulo<\/strong>, <strong>Rio de Janeiro<\/strong> e no sul de<strong> Minas Gerais<\/strong>. No norte de <strong>Minas <\/strong>e <strong>Esp\u00edrito Santo<\/strong>, o tempo segue sem chuvas e\u00a0com poucas nuvens.<\/p>\n<p>Entre as capitais, a temperatura m\u00ednima prevista \u00e9 de 14\u00b0C, em Belo Horizonte. J\u00e1 a m\u00e1xima pode chegar a 29\u00b0C, em Vit\u00f3ria. A umidade relativa do ar varia entre 25% e 100%.\u00a0<\/p>\n<p>As informa\u00e7\u00f5es s\u00e3o do <strong>Instituto Nacional de Meteorologia (<a href=\"https:\/\/portal.inmet.gov.br\/\" target=\"_blank\">Inmet<\/a>)<\/strong>.<\/p>\n<p>\n\u00a0<\/p>\n<p>\t\t\t\t\t\t\t\t\t<img loading=\"lazy\" decoding=\"async\" src=\"https:\/\/brasil61.com\/api\/v1\/serve_pixel\/17677\/84258\" alt=\"Pixel Brasil 61\" class=\"b61_pixel\" width=\"0\" height=\"0\"><\/p>\n<input type=\"hidden\" id=\"baseurl\" value=\"https:\/\/noticiasdestaque.com.br\"><input type=\"hidden\" id=\"audio_nonce\" value=\"eb7638fb71\">","protected":false},"excerpt":{"rendered":"<p>Entre as capitais, a temperatura m\u00ednima prevista \u00e9 de 14\u00b0C, em Belo Horizonte. J\u00e1 a m\u00e1xima pode chegar a 29\u00b0C, em Vit\u00f3ria. A umidade relativa do ar varia entre 25% e 100%.\u00a0<\/p>\n","protected":false},"author":1,"featured_media":45495,"comment_status":"open","ping_status":"open","sticky":false,"template":"","format":"standard","meta":{"fifu_image_url":"","fifu_image_alt":"","footnotes":""},"categories":[58],"tags":[],"class_list":["post-45494","post","type-post","status-publish","format-standard","has-post-thumbnail","hentry","category-cotidiano"],"distributor_meta":false,"distributor_terms":false,"distributor_media":false,"distributor_original_site_name":"Noticias em Destaque","distributor_original_site_url":"https:\/\/noticiasdestaque.com.br","push-errors":false,"_links":{"self":[{"href":"https:\/\/noticiasdestaque.com.br\/index.php\/wp-json\/wp\/v2\/posts\/45494","targetHints":{"allow":["GET"]}}],"collection":[{"href":"https:\/\/noticiasdestaque.com.br\/index.php\/wp-json\/wp\/v2\/posts"}],"about":[{"href":"https:\/\/noticiasdestaque.com.br\/index.php\/wp-json\/wp\/v2\/types\/post"}],"author":[{"embeddable":true,"href":"https:\/\/noticiasdestaque.com.br\/index.php\/wp-json\/wp\/v2\/users\/1"}],"replies":[{"embeddable":true,"href":"https:\/\/noticiasdestaque.com.br\/index.php\/wp-json\/wp\/v2\/comments?post=45494"}],"version-history":[{"count":0,"href":"https:\/\/noticiasdestaque.com.br\/index.php\/wp-json\/wp\/v2\/posts\/45494\/revisions"}],"wp:featuredmedia":[{"embeddable":true,"href":"https:\/\/noticiasdestaque.com.br\/index.php\/wp-json\/wp\/v2\/media\/45495"}],"wp:attachment":[{"href":"https:\/\/noticiasdestaque.com.br\/index.php\/wp-json\/wp\/v2\/media?parent=45494"}],"wp:term":[{"taxonomy":"category","embeddable":true,"href":"https:\/\/noticiasdestaque.com.br\/index.php\/wp-json\/wp\/v2\/categories?post=45494"},{"taxonomy":"post_tag","embeddable":true,"href":"https:\/\/noticiasdestaque.com.br\/index.php\/wp-json\/wp\/v2\/tags?post=45494"}],"curies":[{"name":"wp","href":"https:\/\/api.w.org\/{rel}","templated":true}]}}