{"id":45492,"date":"2025-08-27T18:10:00","date_gmt":"2025-08-27T21:10:00","guid":{"rendered":"https:\/\/noticiasdestaque.com.br\/index.php\/2025\/08\/27\/previsao-do-tempo-quinta-feira-28-com-fortes-chuvas-no-norte\/"},"modified":"2025-08-27T18:10:00","modified_gmt":"2025-08-27T21:10:00","slug":"previsao-do-tempo-quinta-feira-28-com-fortes-chuvas-no-norte","status":"publish","type":"post","link":"https:\/\/noticiasdestaque.com.br\/index.php\/2025\/08\/27\/previsao-do-tempo-quinta-feira-28-com-fortes-chuvas-no-norte\/","title":{"rendered":"PREVIS\u00c3O DO TEMPO: quinta-feira (28) com fortes chuvas no Norte"},"content":{"rendered":"<p>\t\t\t\t\t\t\t\t\t\t<audio controls class=\"b61_audio_player\" data-noticia=\"84257\" src=\"https:\/\/brasil61.com\/rails\/active_storage\/blobs\/eyJfcmFpbHMiOnsibWVzc2FnZSI6IkJBaHBBNEdRQXc9PSIsImV4cCI6bnVsbCwicHVyIjoiYmxvYl9pZCJ9fQ==--9cf33952efe41bebef57ea38e93dd58e82df2c79\/PTRN254533A\"><\/audio><\/p>\n<p>A<strong> previs\u00e3o do tempo para esta quinta-feira (28) na Regi\u00e3o Norte<\/strong> \u00e9 de\u00a0pancadas de chuva acompanhadas de trovoadas no Amazonas, Acre, Amap\u00e1, Par\u00e1 e Roraima.<\/p>\n<p>Durante a tarde, as chuvas continuam intensas\u00a0no norte do Amazonas, Par\u00e1 e Amap\u00e1. J\u00e1 no Acre, Tocantins, Rond\u00f4nia e sul do Par\u00e1, o sol predomina entre poucas nuvens.<\/p>\n<p>\u00c0 noite, o tempo permanece nublado em \u00e1reas do Amazonas, Amap\u00e1 e Par\u00e1, enquanto nas demais regi\u00f5es o c\u00e9u fica com muitas nuvens.<\/p>\n<p>Entre as capitais, a temperatura m\u00ednima prevista \u00e9 de 16\u00b0C, em <b>Rio Branco;\u00a0<\/b>\u00a0j\u00e1 a m\u00e1xima est\u00e1 prevista para<strong>\u00a0Palmas,\u00a0<\/strong>com 37\u00b0C. A umidade relativa do ar varia entre 20% e 100%.<\/p>\n<p>As informa\u00e7\u00f5es s\u00e3o do<strong> Instituto Nacional de Meteorologia (<a href=\"https:\/\/portal.inmet.gov.br\/\" target=\"_blank\">Inmet<\/a>)<\/strong>.<br \/>\n\u00a0<\/p>\n<p>\t\t\t\t\t\t\t\t\t<img loading=\"lazy\" decoding=\"async\" src=\"https:\/\/brasil61.com\/api\/v1\/serve_pixel\/17677\/84257\" alt=\"Pixel Brasil 61\" class=\"b61_pixel\" width=\"0\" height=\"0\"><\/p>\n<input type=\"hidden\" id=\"baseurl\" value=\"https:\/\/noticiasdestaque.com.br\"><input type=\"hidden\" id=\"audio_nonce\" value=\"eb7638fb71\">","protected":false},"excerpt":{"rendered":"<p>Entre as capitais, a temperatura m\u00ednima prevista \u00e9 de 16\u00b0C, em Rio Branco;\u00a0\u00a0j\u00e1 a m\u00e1xima est\u00e1 prevista para\u00a0Palmas,\u00a0com 37\u00b0C. A umidade relativa do ar varia entre 20% e 100%.<\/p>\n","protected":false},"author":1,"featured_media":45493,"comment_status":"open","ping_status":"open","sticky":false,"template":"","format":"standard","meta":{"fifu_image_url":"","fifu_image_alt":"","footnotes":""},"categories":[58],"tags":[],"class_list":["post-45492","post","type-post","status-publish","format-standard","has-post-thumbnail","hentry","category-cotidiano"],"distributor_meta":false,"distributor_terms":false,"distributor_media":false,"distributor_original_site_name":"Noticias em Destaque","distributor_original_site_url":"https:\/\/noticiasdestaque.com.br","push-errors":false,"_links":{"self":[{"href":"https:\/\/noticiasdestaque.com.br\/index.php\/wp-json\/wp\/v2\/posts\/45492","targetHints":{"allow":["GET"]}}],"collection":[{"href":"https:\/\/noticiasdestaque.com.br\/index.php\/wp-json\/wp\/v2\/posts"}],"about":[{"href":"https:\/\/noticiasdestaque.com.br\/index.php\/wp-json\/wp\/v2\/types\/post"}],"author":[{"embeddable":true,"href":"https:\/\/noticiasdestaque.com.br\/index.php\/wp-json\/wp\/v2\/users\/1"}],"replies":[{"embeddable":true,"href":"https:\/\/noticiasdestaque.com.br\/index.php\/wp-json\/wp\/v2\/comments?post=45492"}],"version-history":[{"count":0,"href":"https:\/\/noticiasdestaque.com.br\/index.php\/wp-json\/wp\/v2\/posts\/45492\/revisions"}],"wp:featuredmedia":[{"embeddable":true,"href":"https:\/\/noticiasdestaque.com.br\/index.php\/wp-json\/wp\/v2\/media\/45493"}],"wp:attachment":[{"href":"https:\/\/noticiasdestaque.com.br\/index.php\/wp-json\/wp\/v2\/media?parent=45492"}],"wp:term":[{"taxonomy":"category","embeddable":true,"href":"https:\/\/noticiasdestaque.com.br\/index.php\/wp-json\/wp\/v2\/categories?post=45492"},{"taxonomy":"post_tag","embeddable":true,"href":"https:\/\/noticiasdestaque.com.br\/index.php\/wp-json\/wp\/v2\/tags?post=45492"}],"curies":[{"name":"wp","href":"https:\/\/api.w.org\/{rel}","templated":true}]}}