{"id":45486,"date":"2025-08-27T11:50:00","date_gmt":"2025-08-27T14:50:00","guid":{"rendered":"https:\/\/noticiasdestaque.com.br\/index.php\/2025\/08\/27\/inovacao-e-sustentabilidade-marcam-encontro-da-industria-em-ilheus\/"},"modified":"2025-08-27T11:50:00","modified_gmt":"2025-08-27T14:50:00","slug":"inovacao-e-sustentabilidade-marcam-encontro-da-industria-em-ilheus","status":"publish","type":"post","link":"https:\/\/noticiasdestaque.com.br\/index.php\/2025\/08\/27\/inovacao-e-sustentabilidade-marcam-encontro-da-industria-em-ilheus\/","title":{"rendered":"Inova\u00e7\u00e3o e sustentabilidade marcam encontro da ind\u00fastria em Ilh\u00e9us"},"content":{"rendered":"<p>\t\t\t\t\t\t\t\t\t\t<audio controls class=\"b61_audio_player\" data-noticia=\"84241\" src=\"https:\/\/brasil61.com\/rails\/active_storage\/blobs\/eyJfcmFpbHMiOnsibWVzc2FnZSI6IkJBaHBBemFRQXc9PSIsImV4cCI6bnVsbCwicHVyIjoiYmxvYl9pZCJ9fQ==--e89d9bfe23c936a0368d727284f70daa1e5d04e3\/PIND254604A\"><\/audio><\/p>\n<p><!--StartFragment -->Ilh\u00e9us foi a primeira cidade do Nordeste a receber a Jornada Nacional de Inova\u00e7\u00e3o da Ind\u00fastria, iniciativa da <a href=\"https:\/\/www.portaldaindustria.com.br\/cni\" target=\"_blank\"><strong>Confedera\u00e7\u00e3o Nacional da Ind\u00fastria (CNI)<\/strong><\/a> em parceria com o <a href=\"https:\/\/sebrae.com.br\/sites\/PortalSebrae\/\"><strong>Servi\u00e7o Brasileiro de Apoio \u00e0s Micro e Pequenas Empresas (Sebrae)<\/strong><\/a>. O evento reuniu empresas, especialistas, institui\u00e7\u00f5es de ensino e empreendedores em torno da transi\u00e7\u00e3o ecol\u00f3gica e digital, destacando o potencial produtivo da regi\u00e3o cacaueira.<\/p>\n<p>De acordo com a <a href=\"https:\/\/www.fieb.org.br\/\" target=\"_blank\"><strong>Federa\u00e7\u00e3o das Ind\u00fastrias do Estado da Bahia (FIEB)<\/strong><\/a>, apoiadora da iniciativa, a edi\u00e7\u00e3o superou as expectativas ao reunir cases de sucesso e promover conex\u00f5es estrat\u00e9gicas para os setores locais.<\/p>\n<p>\u201cA Jornada da Inova\u00e7\u00e3o em Ilh\u00e9us foi um evento extremamente positivo. Tivemos a presen\u00e7a de empres\u00e1rios, pesquisadores, estudantes e lideran\u00e7as do sul da Bahia, o que foi extremamente interessante para a regi\u00e3o, pois discutimos a inova\u00e7\u00e3o como esse motor de desenvolvimento e transforma\u00e7\u00e3o. O encontro superou as nossas expectativas ao proporcionar um espa\u00e7o de troca de ideias, aproxima\u00e7\u00e3o com as demandas da ind\u00fastria e constru\u00e7\u00e3o de solu\u00e7\u00f5es pr\u00e1ticas para o desafio do setor produtivo\u201d, avaliou Alexandre Regis, gerente de Rela\u00e7\u00f5es Institucionais do Sistema FIEB na regi\u00e3o sul da Bahia.<\/p>\n<p>Segundo Regis, a iniciativa refor\u00e7ou o papel estrat\u00e9gico da inova\u00e7\u00e3o para diferentes segmentos produtivos da regi\u00e3o. \u201cA jornada refor\u00e7a a vis\u00e3o de que a inova\u00e7\u00e3o \u00e9 estrat\u00e9gia para o fortalecimento das cadeias produtivas tradicionais, como a do cacau, e tamb\u00e9m para as novas frentes, como a bioeconomia. Ao aproximar empresas, institui\u00e7\u00f5es de pesquisa e governo, conseguimos criar um ecossistema que acelera o desenvolvimento de tecnologias, processos e modelos de neg\u00f3cio mais sustent\u00e1veis e competitivos\u201d, acrescentou.<\/p>\n<p>Regis destaca que a FIEB pretende dar continuidade \u00e0s articula\u00e7\u00f5es iniciadas na Jornada Nacional de Inova\u00e7\u00e3o da Ind\u00fastria. \u201cVamos fortalecer parcerias com universidades, centros de pesquisa e \u00f3rg\u00e3os p\u00fablicos, estimando projetos colaborativos que transformem ideias em resultados concretos. Al\u00e9m disso, vamos ampliar a oferta de capacita\u00e7\u00e3o e consultorias voltadas para a inova\u00e7\u00e3o, apoiar startups e incentivar empresas a acessarem linhas de financiamento para projetos tecnol\u00f3gicos. A meta \u00e9 transformar a energia mobilizada em Ilh\u00e9us em oportunidades reais de transforma\u00e7\u00e3o da regi\u00e3o\u201d, afirmou o gestor.<\/p>\n<p>A programa\u00e7\u00e3o contou com palestras, debates e apresenta\u00e7\u00f5es de empresas locais que j\u00e1 aplicam solu\u00e7\u00f5es inovadoras, como a Daten, refer\u00eancia em tecnologia; a Natucoa, que desenvolve cosm\u00e9ticos naturais a partir do cacau; e a Ju Arl\u00e9o Chocolates, que alia tradi\u00e7\u00e3o familiar e sustentabilidade.<\/p>\n<p>A Jornada Nacional de Inova\u00e7\u00e3o da Ind\u00fastria seguir\u00e1 percorrendo o Brasil at\u00e9 mar\u00e7o de 2026. Os resultados de todo o percurso ser\u00e3o apresentados no 11\u00ba Congresso de Inova\u00e7\u00e3o da Ind\u00fastria, que acontecer\u00e1 nos dias 25 e 26 de mar\u00e7o de 2026, em S\u00e3o Paulo.<\/p>\n<p><!--EndFragment --><\/p>\n<p>\t\t\t\t\t\t\t\t\t<img loading=\"lazy\" decoding=\"async\" src=\"https:\/\/brasil61.com\/api\/v1\/serve_pixel\/17677\/84241\" alt=\"Pixel Brasil 61\" class=\"b61_pixel\" width=\"0\" height=\"0\"><\/p>\n<input type=\"hidden\" id=\"baseurl\" value=\"https:\/\/noticiasdestaque.com.br\"><input type=\"hidden\" id=\"audio_nonce\" value=\"eb7638fb71\">","protected":false},"excerpt":{"rendered":"<p>Primeira cidade do Nordeste a receber a Jornada Nacional de Inova\u00e7\u00e3o promove integra\u00e7\u00e3o entre setor produtivo, universidades e startups<\/p>\n","protected":false},"author":1,"featured_media":45487,"comment_status":"open","ping_status":"open","sticky":false,"template":"","format":"standard","meta":{"fifu_image_url":"","fifu_image_alt":"","footnotes":""},"categories":[54],"tags":[],"class_list":["post-45486","post","type-post","status-publish","format-standard","has-post-thumbnail","hentry","category-tecnologia"],"distributor_meta":false,"distributor_terms":false,"distributor_media":false,"distributor_original_site_name":"Noticias em Destaque","distributor_original_site_url":"https:\/\/noticiasdestaque.com.br","push-errors":false,"_links":{"self":[{"href":"https:\/\/noticiasdestaque.com.br\/index.php\/wp-json\/wp\/v2\/posts\/45486","targetHints":{"allow":["GET"]}}],"collection":[{"href":"https:\/\/noticiasdestaque.com.br\/index.php\/wp-json\/wp\/v2\/posts"}],"about":[{"href":"https:\/\/noticiasdestaque.com.br\/index.php\/wp-json\/wp\/v2\/types\/post"}],"author":[{"embeddable":true,"href":"https:\/\/noticiasdestaque.com.br\/index.php\/wp-json\/wp\/v2\/users\/1"}],"replies":[{"embeddable":true,"href":"https:\/\/noticiasdestaque.com.br\/index.php\/wp-json\/wp\/v2\/comments?post=45486"}],"version-history":[{"count":0,"href":"https:\/\/noticiasdestaque.com.br\/index.php\/wp-json\/wp\/v2\/posts\/45486\/revisions"}],"wp:featuredmedia":[{"embeddable":true,"href":"https:\/\/noticiasdestaque.com.br\/index.php\/wp-json\/wp\/v2\/media\/45487"}],"wp:attachment":[{"href":"https:\/\/noticiasdestaque.com.br\/index.php\/wp-json\/wp\/v2\/media?parent=45486"}],"wp:term":[{"taxonomy":"category","embeddable":true,"href":"https:\/\/noticiasdestaque.com.br\/index.php\/wp-json\/wp\/v2\/categories?post=45486"},{"taxonomy":"post_tag","embeddable":true,"href":"https:\/\/noticiasdestaque.com.br\/index.php\/wp-json\/wp\/v2\/tags?post=45486"}],"curies":[{"name":"wp","href":"https:\/\/api.w.org\/{rel}","templated":true}]}}