{"id":45476,"date":"2025-08-27T00:00:00","date_gmt":"2025-08-27T03:00:00","guid":{"rendered":"https:\/\/noticiasdestaque.com.br\/index.php\/2025\/08\/27\/inflacao-tem-previa-negativa-em-agosto-e-recua-para-495-em-12-meses\/"},"modified":"2025-08-27T00:00:00","modified_gmt":"2025-08-27T03:00:00","slug":"inflacao-tem-previa-negativa-em-agosto-e-recua-para-495-em-12-meses","status":"publish","type":"post","link":"https:\/\/noticiasdestaque.com.br\/index.php\/2025\/08\/27\/inflacao-tem-previa-negativa-em-agosto-e-recua-para-495-em-12-meses\/","title":{"rendered":"Infla\u00e7\u00e3o tem pr\u00e9via negativa em agosto e recua para 4,95% em 12 meses"},"content":{"rendered":"<p>\t\t\t\t\t\t\t\t\t\t<audio controls class=\"b61_audio_player\" data-noticia=\"84243\" src=\"https:\/\/brasil61.com\/rails\/active_storage\/blobs\/eyJfcmFpbHMiOnsibWVzc2FnZSI6IkJBaHBBeTJRQXc9PSIsImV4cCI6bnVsbCwicHVyIjoiYmxvYl9pZCJ9fQ==--00a9d01b1d625f84860a4575e3b547f2d787c796\/BRAS2514600A\"><\/audio><\/p>\n<p style=\"text-align: justify\">A <strong>pr\u00e9via da infla\u00e7\u00e3o oficial de agosto<\/strong> registrou defla\u00e7\u00e3o de 0,14%, segundo o \u00cdndice Nacional de Pre\u00e7os ao Consumidor Amplo 15 (IPCA-15), divulgado nesta ter\u00e7a-feira (26) pelo IBGE. O resultado foi puxado pelas quedas nos pre\u00e7os de transportes, habita\u00e7\u00e3o e alimenta\u00e7\u00e3o. No acumulado de 12 meses, a taxa recuou para 4,95%, abaixo dos 5,30% apresentado em julho.\u00a0<\/p>\n<p style=\"text-align: justify\">O destaque foi para <strong>Habita\u00e7\u00e3o <\/strong>que recuou 1,13%, resultado da queda nos valores da <strong>energia el\u00e9trica residencial <\/strong>(4,93%), reflexo da incorpora\u00e7\u00e3o da usina de Itaipu nas faturas, mesmo com manuten\u00e7\u00e3o da bandeira vermelha. O grupo dos <strong>Transportes <\/strong>apresentou defla\u00e7\u00e3o de -0,47%, impulsionado pela queda da gasolina e etanol, al\u00e9m da redu\u00e7\u00e3o nas passagens a\u00e9reas.\u00a0<\/p>\n<p style=\"text-align: justify\">No grupo\u00a0A<strong>limenta\u00e7\u00e3o e bebidas<\/strong>, itens importantes do consumo di\u00e1rio, como manga, tomate, batata-inglesa, cebola, arroz e carnes apresentaram retra\u00e7\u00e3o de -0,53%. Por outro lado, a alimenta\u00e7\u00e3o fora do domic\u00edlio subiu, devido \u00e0 alta dos lanches, mas n\u00e3o foi fator\u00a0determinante\u00a0para impedir a queda do grupo. J\u00e1 <strong>Despesas pessoais, Educa\u00e7\u00e3o, Sa\u00fade e cuidados pessoais, Vestu\u00e1rio e Artigos de resid\u00eancia<\/strong> apresentaram varia\u00e7\u00f5es e impactos positivos ou nulos.\u00a0<\/p>\n<p style=\"text-align: justify\">De acordo com C\u00e9sar Bergo, o resultado mostra um cen\u00e1rio positivo para a infla\u00e7\u00e3o no pa\u00eds. \u201cO IPCA-15 apresentou uma defla\u00e7\u00e3o, uma boa not\u00edcia, uma defla\u00e7\u00e3o de 0,14%, embora o mercado acreditasse que poderia ser um pouquinho maior a queda dos pre\u00e7os, mas \u00e9 muito importante para trazer a infla\u00e7\u00e3o nos \u00faltimos 12 meses para baixo de 5%. Ent\u00e3o, a proje\u00e7\u00e3o para o final do ano \u00e9 que fique nessa linha, em torno de 4,9% a infla\u00e7\u00e3o\u201d, afirmou.<\/p>\n<p style=\"text-align: justify\">Bergo tamb\u00e9m destacou que a queda nos pre\u00e7os da energia el\u00e9trica pode continuar nos pr\u00f3ximos meses, caso haja mudan\u00e7a para bandeiras tarif\u00e1rias menos onerosas. Al\u00e9m disso, fatores externos devem contribuir para manter a infla\u00e7\u00e3o em trajet\u00f3ria de desacelera\u00e7\u00e3o. \u201cA quest\u00e3o da taxa\u00e7\u00e3o americana, que pode trazer produtos que seriam anteriormente exportados para os Estados Unidos para o mercado brasileiro, como por exemplo a carne, e tamb\u00e9m o pescado\u201d, avaliou.<\/p>\n<p style=\"text-align: justify\">O economista observa que, apesar da melhora, a infla\u00e7\u00e3o deve terminar 2025 ainda ligeiramente acima do teto da meta de 4,5%. \u201cEnt\u00e3o existe uma boa perspectiva da infla\u00e7\u00e3o continuar caindo e assim, de alguma forma, contribuir tamb\u00e9m para que o Banco Central possa decidir definitivamente pela redu\u00e7\u00e3o da taxa Selic, que ser\u00e1 t\u00e3o importante para o nosso pa\u00eds&#8221;, concluiu.<\/p>\n<p style=\"text-align: justify\">O <strong>IPCA-15<\/strong> \u00e9 calculado pelo IBGE como pr\u00e9via do \u00edndice oficial de infla\u00e7\u00e3o, medindo a varia\u00e7\u00e3o dos pre\u00e7os de bens e servi\u00e7os consumidos pelas fam\u00edlias durante o per\u00edodo de 16 de julho a 14 de agosto e comparados \u00e0 \u00faltima pr\u00e9via feita.\u00a0<\/p>\n<p>\t\t\t\t\t\t\t\t\t<img loading=\"lazy\" decoding=\"async\" src=\"https:\/\/brasil61.com\/api\/v1\/serve_pixel\/17677\/84243\" alt=\"Pixel Brasil 61\" class=\"b61_pixel\" width=\"0\" height=\"0\"><\/p>\n<input type=\"hidden\" id=\"baseurl\" value=\"https:\/\/noticiasdestaque.com.br\"><input type=\"hidden\" id=\"audio_nonce\" value=\"581f3017e1\">","protected":false},"excerpt":{"rendered":"<p>Queda foi puxada por transportes, habita\u00e7\u00e3o e alimenta\u00e7\u00e3o; energia el\u00e9trica e combust\u00edveis tiveram forte recuo<\/p>\n","protected":false},"author":1,"featured_media":45477,"comment_status":"open","ping_status":"open","sticky":false,"template":"","format":"standard","meta":{"fifu_image_url":"","fifu_image_alt":"","footnotes":""},"categories":[59],"tags":[],"class_list":["post-45476","post","type-post","status-publish","format-standard","has-post-thumbnail","hentry","category-economia"],"distributor_meta":false,"distributor_terms":false,"distributor_media":false,"distributor_original_site_name":"Noticias em Destaque","distributor_original_site_url":"https:\/\/noticiasdestaque.com.br","push-errors":false,"_links":{"self":[{"href":"https:\/\/noticiasdestaque.com.br\/index.php\/wp-json\/wp\/v2\/posts\/45476","targetHints":{"allow":["GET"]}}],"collection":[{"href":"https:\/\/noticiasdestaque.com.br\/index.php\/wp-json\/wp\/v2\/posts"}],"about":[{"href":"https:\/\/noticiasdestaque.com.br\/index.php\/wp-json\/wp\/v2\/types\/post"}],"author":[{"embeddable":true,"href":"https:\/\/noticiasdestaque.com.br\/index.php\/wp-json\/wp\/v2\/users\/1"}],"replies":[{"embeddable":true,"href":"https:\/\/noticiasdestaque.com.br\/index.php\/wp-json\/wp\/v2\/comments?post=45476"}],"version-history":[{"count":0,"href":"https:\/\/noticiasdestaque.com.br\/index.php\/wp-json\/wp\/v2\/posts\/45476\/revisions"}],"wp:featuredmedia":[{"embeddable":true,"href":"https:\/\/noticiasdestaque.com.br\/index.php\/wp-json\/wp\/v2\/media\/45477"}],"wp:attachment":[{"href":"https:\/\/noticiasdestaque.com.br\/index.php\/wp-json\/wp\/v2\/media?parent=45476"}],"wp:term":[{"taxonomy":"category","embeddable":true,"href":"https:\/\/noticiasdestaque.com.br\/index.php\/wp-json\/wp\/v2\/categories?post=45476"},{"taxonomy":"post_tag","embeddable":true,"href":"https:\/\/noticiasdestaque.com.br\/index.php\/wp-json\/wp\/v2\/tags?post=45476"}],"curies":[{"name":"wp","href":"https:\/\/api.w.org\/{rel}","templated":true}]}}