{"id":45470,"date":"2025-08-26T23:00:00","date_gmt":"2025-08-27T02:00:00","guid":{"rendered":"https:\/\/noticiasdestaque.com.br\/index.php\/2025\/08\/26\/covid-19-positividade-de-testes-salta-de-5-para-13-em-um-mes\/"},"modified":"2025-08-26T23:00:00","modified_gmt":"2025-08-27T02:00:00","slug":"covid-19-positividade-de-testes-salta-de-5-para-13-em-um-mes","status":"publish","type":"post","link":"https:\/\/noticiasdestaque.com.br\/index.php\/2025\/08\/26\/covid-19-positividade-de-testes-salta-de-5-para-13-em-um-mes\/","title":{"rendered":"Covid-19: positividade de testes salta de 5 % para 13 % em um m\u00eas"},"content":{"rendered":"<p>\t\t\t\t\t\t\t\t\t\t<audio controls class=\"b61_audio_player\" data-noticia=\"84239\" src=\"https:\/\/brasil61.com\/rails\/active_storage\/blobs\/eyJfcmFpbHMiOnsibWVzc2FnZSI6IkJBaHBBdytRQXc9PSIsImV4cCI6bnVsbCwicHVyIjoiYmxvYl9pZCJ9fQ==--13fe52aa1f37947d1272a036e173926313bc30b5\/BRAS2514598A\"><\/audio><\/p>\n<p><!--StartFragment -->O Brasil vive um momento de alerta no acompanhamento da <strong>Covid-19<\/strong>. Um boletim recente do <a href=\"https:\/\/www.itps.org.br\/\"><strong>Instituto Todos pela Sa\u00fade (ITpS)<\/strong><\/a> mostra que, at\u00e9 o dia 16 de agosto, houve oito semanas consecutivas de alta na confirma\u00e7\u00e3o de casos da doen\u00e7a. Nos \u00faltimos 28 dias, a taxa de positividade de testes saltou de 5 % para 13 %, indicando maior circula\u00e7\u00e3o do v\u00edrus no pa\u00eds.<\/p>\n<p>A eleva\u00e7\u00e3o foi observada em todas as faixas et\u00e1rias, com impacto mais acentuado entre os adultos de 30 a 59 anos. Entre os estados, o Distrito Federal registrou a maior taxa na \u00faltima semana, com 19%, seguido do Rio de Janeiro e de S\u00e3o Paulo, ambos com 18%.<\/p>\n<p>Apesar do aumento dos casos, os demais v\u00edrus respirat\u00f3rios ainda registram positividade igual ou inferior a 5 %, refor\u00e7ando o protagonismo do SARS-CoV-2 nesta fase.<\/p>\n<h2>Avalia\u00e7\u00e3o de especialistas<\/h2>\n<p>O infectologista Julival Ribeiro explica que o coronav\u00edrus segue em circula\u00e7\u00e3o em todos os pa\u00edses e que n\u00e3o foi erradicado. \u201cO v\u00edrus da Covid-19 continua em todos os pa\u00edses, n\u00e3o foi erradicado. Portanto, a gente continua vendo casos praticamente durante o ano inteiro\u201d, afirma.<\/p>\n<p>Ele ressalta que a chegada do inverno, per\u00edodo marcado por aglomera\u00e7\u00f5es, favorece a dissemina\u00e7\u00e3o do v\u00edrus, assim como ocorre com a gripe. \u201cQuanto maior a aglomera\u00e7\u00e3o, a tend\u00eancia \u00e9 disseminar mais o v\u00edrus. Ent\u00e3o, o mais importante, segundo a pr\u00f3pria Organiza\u00e7\u00e3o Mundial da Sa\u00fade, \u00e9 para aquelas pessoas, sobretudo, que est\u00e3o em grupo de risco, se vacinar, porque a vacina que existe hoje tamb\u00e9m cobre essas novas variantes que est\u00e3o surgindo a n\u00edvel mundial da Covid-19\u201d, destacou.<\/p>\n<p>Al\u00e9m da vacina\u00e7\u00e3o, Ribeiro recomenda medidas adicionais de preven\u00e7\u00e3o. \u201cSe tiver com s\u00edndrome gripal, evite sair. Se sair, use m\u00e1scara, fa\u00e7a higieniza\u00e7\u00e3o das m\u00e3os e evite, sobretudo, contato se souber que algu\u00e9m est\u00e1 com um ass\u00ednio gripal\u201d, orientou.<\/p>\n<p>O especialista lembrou que o Brasil j\u00e1 disp\u00f5e de tratamento gratuito para casos graves. \u201cHoje, o Minist\u00e9rio da Sa\u00fade distribui o antiviral para quem pega Covid-19, segundo os crit\u00e9rios estabelecidos. Pessoas mais graves, internadas, se precisar, n\u00f3s dispomos hoje, no Brasil, de maneira gratuita, esse antiviral para tratar a Covid-19\u201d, explicou.<\/p>\n<h2>Nova variante XFG<\/h2>\n<p>Sobre a nova variante XFG, detectada inicialmente no Sudeste Asi\u00e1tico e j\u00e1 identificada no Brasil\u00a0em um paciente do Cear\u00e1, Ribeiro refor\u00e7a que, at\u00e9 o momento, n\u00e3o representa uma amea\u00e7a maior. \u201cEssa nova variante da Covid, segundo a pr\u00f3pria OMS, \u00e9 considerada como de baixo risco \u00e0 sa\u00fade p\u00fablica. \u00c9 muito importante esse papel que os \u00f3rg\u00e3os p\u00fablicos est\u00e3o fazendo, detectando pessoas com a Covid-19, fazendo os estudos mais sofisticados para saber se \u00e9 uma nova variante ou se n\u00e3o \u00e9, e ver qual \u00e9 o comportamento dela, o que \u00e9 indicado pelo Minist\u00e9rio da Sa\u00fade e que \u00e9 realizado pela Fiocruz, aqui no Brasil\u201d, completou.<\/p>\n<h2>Preven\u00e7\u00e3o e cuidados<\/h2>\n<p>Diante da escalada de casos, especialistas refor\u00e7am a import\u00e2ncia de manter a vacina\u00e7\u00e3o em dia, especialmente para idosos, gestantes, imunossuprimidos e crian\u00e7as pequenas. O uso de m\u00e1scara em ambientes fechados ou em contato com grupos de risco continua sendo recomendado, al\u00e9m da testagem em caso de sintomas gripais.<\/p>\n<p><!--EndFragment --><\/p>\n<p>\t\t\t\t\t\t\t\t\t<img loading=\"lazy\" decoding=\"async\" src=\"https:\/\/brasil61.com\/api\/v1\/serve_pixel\/17677\/84239\" alt=\"Pixel Brasil 61\" class=\"b61_pixel\" width=\"0\" height=\"0\"><\/p>\n<input type=\"hidden\" id=\"baseurl\" value=\"https:\/\/noticiasdestaque.com.br\"><input type=\"hidden\" id=\"audio_nonce\" value=\"581f3017e1\">","protected":false},"excerpt":{"rendered":"<p>Boletim aponta alta de casos de Covid-19 pelo oitavo m\u00eas seguido. Especialistas recomendam aten\u00e7\u00e3o e refor\u00e7am a import\u00e2ncia da vacina\u00e7\u00e3o e uso de m\u00e1scaras em sintomas gripais<\/p>\n","protected":false},"author":1,"featured_media":45471,"comment_status":"open","ping_status":"open","sticky":false,"template":"","format":"standard","meta":{"fifu_image_url":"","fifu_image_alt":"","footnotes":""},"categories":[51],"tags":[],"class_list":["post-45470","post","type-post","status-publish","format-standard","has-post-thumbnail","hentry","category-saude"],"distributor_meta":false,"distributor_terms":false,"distributor_media":false,"distributor_original_site_name":"Noticias em Destaque","distributor_original_site_url":"https:\/\/noticiasdestaque.com.br","push-errors":false,"_links":{"self":[{"href":"https:\/\/noticiasdestaque.com.br\/index.php\/wp-json\/wp\/v2\/posts\/45470","targetHints":{"allow":["GET"]}}],"collection":[{"href":"https:\/\/noticiasdestaque.com.br\/index.php\/wp-json\/wp\/v2\/posts"}],"about":[{"href":"https:\/\/noticiasdestaque.com.br\/index.php\/wp-json\/wp\/v2\/types\/post"}],"author":[{"embeddable":true,"href":"https:\/\/noticiasdestaque.com.br\/index.php\/wp-json\/wp\/v2\/users\/1"}],"replies":[{"embeddable":true,"href":"https:\/\/noticiasdestaque.com.br\/index.php\/wp-json\/wp\/v2\/comments?post=45470"}],"version-history":[{"count":0,"href":"https:\/\/noticiasdestaque.com.br\/index.php\/wp-json\/wp\/v2\/posts\/45470\/revisions"}],"wp:featuredmedia":[{"embeddable":true,"href":"https:\/\/noticiasdestaque.com.br\/index.php\/wp-json\/wp\/v2\/media\/45471"}],"wp:attachment":[{"href":"https:\/\/noticiasdestaque.com.br\/index.php\/wp-json\/wp\/v2\/media?parent=45470"}],"wp:term":[{"taxonomy":"category","embeddable":true,"href":"https:\/\/noticiasdestaque.com.br\/index.php\/wp-json\/wp\/v2\/categories?post=45470"},{"taxonomy":"post_tag","embeddable":true,"href":"https:\/\/noticiasdestaque.com.br\/index.php\/wp-json\/wp\/v2\/tags?post=45470"}],"curies":[{"name":"wp","href":"https:\/\/api.w.org\/{rel}","templated":true}]}}