{"id":45464,"date":"2025-08-26T22:00:00","date_gmt":"2025-08-27T01:00:00","guid":{"rendered":"https:\/\/noticiasdestaque.com.br\/index.php\/2025\/08\/26\/cni-queda-nas-exportacoes-pode-gerar-desemprego-no-setor-industrial\/"},"modified":"2025-08-26T22:00:00","modified_gmt":"2025-08-27T01:00:00","slug":"cni-queda-nas-exportacoes-pode-gerar-desemprego-no-setor-industrial","status":"publish","type":"post","link":"https:\/\/noticiasdestaque.com.br\/index.php\/2025\/08\/26\/cni-queda-nas-exportacoes-pode-gerar-desemprego-no-setor-industrial\/","title":{"rendered":"CNI: Queda nas exporta\u00e7\u00f5es pode gerar desemprego no setor industrial"},"content":{"rendered":"<p>\t\t\t\t\t\t\t\t\t\t<audio controls class=\"b61_audio_player\" data-noticia=\"84230\" src=\"https:\/\/brasil61.com\/rails\/active_storage\/blobs\/eyJfcmFpbHMiOnsibWVzc2FnZSI6IkJBaHBBOVdQQXc9PSIsImV4cCI6bnVsbCwicHVyIjoiYmxvYl9pZCJ9fQ==--f3ce00ee8f22e4030e070884417812e9bd29aaa5\/PIND254603A\"><\/audio><\/p>\n<p>A nova pol\u00edtica tarif\u00e1ria dos Estados Unidos, com al\u00edquotas de at\u00e9 50% sobre produtos brasileiros, tem frustrado as expectativas do setor industrial. Pela primeira vez desde novembro de 2023, empres\u00e1rios estimam queda nas exporta\u00e7\u00f5es para os pr\u00f3ximos seis meses, o que indica tamb\u00e9m que o n\u00famero de empregos pode diminuir.<\/p>\n<p>Em agosto, <strong><a href=\"https:\/\/noticias.portaldaindustria.com.br\/noticias\/economia\/industria-tem-expectativa-de-queda-das-exportacoes-pela-primeira-vez-em-21-meses-mostra-cni\/\">sondagem da Confedera\u00e7\u00e3o Nacional da Ind\u00fastria (CNI)<\/a><\/strong> revelou que o \u00edndice de expectativa para exporta\u00e7\u00f5es nos seis meses seguintes recuou 5,1 pontos, atingindo 46,6 \u2014 abaixo da linha neutra de 50 pontos, o que indica pessimismo entre os industriais. Essa invers\u00e3o de perspectiva n\u00e3o ocorria h\u00e1 quase dois anos, segundo a entidade.<\/p>\n<p>\u201cAs expectativas relacionadas \u00e0 quantidade exportada, n\u00famero de empregados, compra de insumos e mat\u00e9rias-primas e de n\u00edvel de atividade para os pr\u00f3ximos seis meses recuaram em agosto. Essa piora das expectativas relacionadas \u00e0s exporta\u00e7\u00f5es da ind\u00fastria est\u00e1 muito relacionada \u00e0s incertezas ligadas ao cen\u00e1rio externo, principalmente em fun\u00e7\u00e3o da nova pol\u00edtica comercial adotada pelo governo americano\u201d, aponta Isabella Bianchi, analista de Pol\u00edticas e Ind\u00fastria da CNI.<\/p>\n<p>Desde o in\u00edcio do m\u00eas, quase metade das exporta\u00e7\u00f5es brasileiras para os Estados Unidos est\u00e1 sujeita \u00e0 tarifa combinada de 50%. Em 2024, a venda de produtos nacionais ao mercado norte-americano representou cerca de US$ 17,5 bilh\u00f5es.<\/p>\n<p>Al\u00e9m das exporta\u00e7\u00f5es, o indicador de expectativa quanto ao n\u00famero de empregados tamb\u00e9m mostra sinais preocupantes. O recuo de dois pontos, atingindo 49,3 \u2014 tamb\u00e9m abaixo dos 50 pontos \u2014 sugere que as empresas n\u00e3o projetam aumento, e at\u00e9 uma t\u00edmida queda no quadro de trabalhadores at\u00e9 fevereiro de 2026.<\/p>\n<p>\u201cA gente est\u00e1 vendo que os Estados Unidos compram muito mais do Brasil do que o Brasil est\u00e1 comprando os Estados Unidos. Isso faz com que a demanda do brasileiro ao mandar produtos para fora, os Estados Unidos n\u00e3o comprando, vai fazer com que a gente tenha mais produtos para compartilhar com outros pa\u00edses, os Estados Unidos diminuindo a aquisi\u00e7\u00e3o. Isso \u00e9 um fator que no Brasil pode aparecer outros players para a gente fechar neg\u00f3cios, mas quem sai prejudicado \u00e9 a pessoa que produz no Brasil\u201d.<\/p>\n<p>Segundo Sidney Proen\u00e7a, educador financeiro e economista da <strong><a href=\"https:\/\/firece.com.br\">Firece<\/a><\/strong>, o cen\u00e1rio comercial do Brasil ainda \u00e9 incerto e defende mais \u201cproatividade\u201d e \u201caproxima\u00e7\u00e3o\u201d ao negociar a redu\u00e7\u00e3o das tarifas com Washington. \u201cEntendo que o caminho n\u00e3o \u00e9 ficar trocando farpas. Vemos que os EUA compram muito mais do Brasil do que o Brasil dos EUA. Se eles n\u00e3o compram da gente, isso faz com que tenhamos mais produtos para compartilhar com outros parceiros comerciais. O problema, com isso, \u00e9 quem sai prejudicado \u00e9 a pessoa que produz no Brasil\u201d, argumenta.<\/p>\n<p>Em rela\u00e7\u00e3o ao pacote de medidas anunciado pelo governo federal para socorrer as empresas exportadoras brasileiras prejudicadas pelo tarifa\u00e7o, Proen\u00e7a avalia que as medidas, como linhas de cr\u00e9dito e suspens\u00e3o tempor\u00e1ria de tributos, ajudam em curto prazo, mas podem ter um efeito reverso l\u00e1 na frente.<\/p>\n<p>\u201cAs linhas de cr\u00e9dito foram sancionadas pelo governo para n\u00e3o ter desgaste com o governo norte-americano. S\u00f3 que isso implica mais gasto no bolso do empreendedor, que vai ter um alto custo para passar por essa crise que est\u00e1 sendo vivenciada agora. E a\u00ed o que pode acontecer \u00e9 que o produtor brasileiro vai adicionar esse valor no produto final e, consequentemente, aumentar o custo para o consumidor\u201d, complementa o especialista. \u00a0<\/p>\n<p>A pesquisa da CNI foi realizada entre 1\u00ba e 12 de agosto com 1.500 empresas, sendo 601 pequenas, 518 m\u00e9dias e 381 grandes.<\/p>\n<p>\t\t\t\t\t\t\t\t\t<img loading=\"lazy\" decoding=\"async\" src=\"https:\/\/brasil61.com\/api\/v1\/serve_pixel\/17677\/84230\" alt=\"Pixel Brasil 61\" class=\"b61_pixel\" width=\"0\" height=\"0\"><\/p>\n<input type=\"hidden\" id=\"baseurl\" value=\"https:\/\/noticiasdestaque.com.br\"><input type=\"hidden\" id=\"audio_nonce\" value=\"581f3017e1\">","protected":false},"excerpt":{"rendered":"<p>Empresas j\u00e1 sinalizam redu\u00e7\u00e3o de vagas nos pr\u00f3ximos seis meses em fun\u00e7\u00e3o do tarifa\u00e7o dos EUA<\/p>\n","protected":false},"author":1,"featured_media":45465,"comment_status":"open","ping_status":"open","sticky":false,"template":"","format":"standard","meta":{"fifu_image_url":"","fifu_image_alt":"","footnotes":""},"categories":[59],"tags":[],"class_list":["post-45464","post","type-post","status-publish","format-standard","has-post-thumbnail","hentry","category-economia"],"distributor_meta":false,"distributor_terms":false,"distributor_media":false,"distributor_original_site_name":"Noticias em Destaque","distributor_original_site_url":"https:\/\/noticiasdestaque.com.br","push-errors":false,"_links":{"self":[{"href":"https:\/\/noticiasdestaque.com.br\/index.php\/wp-json\/wp\/v2\/posts\/45464","targetHints":{"allow":["GET"]}}],"collection":[{"href":"https:\/\/noticiasdestaque.com.br\/index.php\/wp-json\/wp\/v2\/posts"}],"about":[{"href":"https:\/\/noticiasdestaque.com.br\/index.php\/wp-json\/wp\/v2\/types\/post"}],"author":[{"embeddable":true,"href":"https:\/\/noticiasdestaque.com.br\/index.php\/wp-json\/wp\/v2\/users\/1"}],"replies":[{"embeddable":true,"href":"https:\/\/noticiasdestaque.com.br\/index.php\/wp-json\/wp\/v2\/comments?post=45464"}],"version-history":[{"count":0,"href":"https:\/\/noticiasdestaque.com.br\/index.php\/wp-json\/wp\/v2\/posts\/45464\/revisions"}],"wp:featuredmedia":[{"embeddable":true,"href":"https:\/\/noticiasdestaque.com.br\/index.php\/wp-json\/wp\/v2\/media\/45465"}],"wp:attachment":[{"href":"https:\/\/noticiasdestaque.com.br\/index.php\/wp-json\/wp\/v2\/media?parent=45464"}],"wp:term":[{"taxonomy":"category","embeddable":true,"href":"https:\/\/noticiasdestaque.com.br\/index.php\/wp-json\/wp\/v2\/categories?post=45464"},{"taxonomy":"post_tag","embeddable":true,"href":"https:\/\/noticiasdestaque.com.br\/index.php\/wp-json\/wp\/v2\/tags?post=45464"}],"curies":[{"name":"wp","href":"https:\/\/api.w.org\/{rel}","templated":true}]}}