{"id":45456,"date":"2025-08-26T20:00:00","date_gmt":"2025-08-26T23:00:00","guid":{"rendered":"https:\/\/noticiasdestaque.com.br\/index.php\/2025\/08\/26\/previsao-do-tempo-sul-tera-pancadas-de-chuva-em-areas-de-santa-catarina-e-parana-nesta-quarta-feira-27\/"},"modified":"2025-08-26T20:00:00","modified_gmt":"2025-08-26T23:00:00","slug":"previsao-do-tempo-sul-tera-pancadas-de-chuva-em-areas-de-santa-catarina-e-parana-nesta-quarta-feira-27","status":"publish","type":"post","link":"https:\/\/noticiasdestaque.com.br\/index.php\/2025\/08\/26\/previsao-do-tempo-sul-tera-pancadas-de-chuva-em-areas-de-santa-catarina-e-parana-nesta-quarta-feira-27\/","title":{"rendered":"PREVIS\u00c3O DO TEMPO: Sul ter\u00e1 pancadas de chuva em \u00e1reas de Santa Catarina e Paran\u00e1, nesta quarta-feira (27)"},"content":{"rendered":"<p>\t\t\t\t\t\t\t\t\t\t<audio controls class=\"b61_audio_player\" data-noticia=\"84234\" src=\"https:\/\/brasil61.com\/rails\/active_storage\/blobs\/eyJfcmFpbHMiOnsibWVzc2FnZSI6IkJBaHBBeGFRQXc9PSIsImV4cCI6bnVsbCwicHVyIjoiYmxvYl9pZCJ9fQ==--5e5f0e9979a4bf4585e4bc37bff83be6620aa62c\/PTRS254048A\"><\/audio><\/p>\n<p>A previs\u00e3o do tempo para o Sul do Brasil, nesta quarta-feira (27), indica predomin\u00e2ncia de varia\u00e7\u00e3o entre muitas e poucas nuvens, mas com chuvas previstas para o leste de Santa Catarina e do Paran\u00e1.\u00a0<\/p>\n<p>No estado catarinense, haver\u00e1 pancadas de chuva isoladas em munic\u00edpios como Gaspar e Itaja\u00ed. Alguns acumulados tamb\u00e9m ser\u00e3o notados em uma pequena \u00e1rea mais central, como na cidade de Rio do Campo.\u00a0<\/p>\n<p>No territ\u00f3rio paranaense, as pancadas de chuva ser\u00e3o registradas em munic\u00edpios como Antonina e Guaratuba. Para o restante da unidade da federa\u00e7\u00e3o, assim como para todo o Rio Grande do Sul, a previs\u00e3o \u00e9 de varia\u00e7\u00e3o entre muitas e poucas nuvens, sem previs\u00e3o de chuva.\u00a0<\/p>\n<p>Entre as capitais, a temperatura m\u00ednima prevista \u00e9 de 8\u00b0C, em Porto Alegre. J\u00e1 a m\u00e1xima pode chegar a 22\u00b0C, em Curitiba. A umidade relativa do ar varia entre 50% e 100%.\u00a0<\/p>\n<p>As informa\u00e7\u00f5es s\u00e3o do Instituto Nacional de Meteorologia.\u00a0<\/p>\n<p>\n\u00a0<\/p>\n<p>\t\t\t\t\t\t\t\t\t<img loading=\"lazy\" decoding=\"async\" src=\"https:\/\/brasil61.com\/api\/v1\/serve_pixel\/17677\/84234\" alt=\"Pixel Brasil 61\" class=\"b61_pixel\" width=\"0\" height=\"0\"><\/p>\n<input type=\"hidden\" id=\"baseurl\" value=\"https:\/\/noticiasdestaque.com.br\"><input type=\"hidden\" id=\"audio_nonce\" value=\"6a24ca502e\">","protected":false},"excerpt":{"rendered":"<p>No estado catarinense, haver\u00e1 pancadas de chuva isoladas em munic\u00edpios como Gaspar e Itaja\u00ed. Alguns acumulados tamb\u00e9m ser\u00e3o notados em uma pequena \u00e1rea mais central<\/p>\n","protected":false},"author":1,"featured_media":45457,"comment_status":"open","ping_status":"open","sticky":false,"template":"","format":"standard","meta":{"fifu_image_url":"","fifu_image_alt":"","footnotes":""},"categories":[58],"tags":[],"class_list":["post-45456","post","type-post","status-publish","format-standard","has-post-thumbnail","hentry","category-cotidiano"],"distributor_meta":false,"distributor_terms":false,"distributor_media":false,"distributor_original_site_name":"Noticias em Destaque","distributor_original_site_url":"https:\/\/noticiasdestaque.com.br","push-errors":false,"_links":{"self":[{"href":"https:\/\/noticiasdestaque.com.br\/index.php\/wp-json\/wp\/v2\/posts\/45456","targetHints":{"allow":["GET"]}}],"collection":[{"href":"https:\/\/noticiasdestaque.com.br\/index.php\/wp-json\/wp\/v2\/posts"}],"about":[{"href":"https:\/\/noticiasdestaque.com.br\/index.php\/wp-json\/wp\/v2\/types\/post"}],"author":[{"embeddable":true,"href":"https:\/\/noticiasdestaque.com.br\/index.php\/wp-json\/wp\/v2\/users\/1"}],"replies":[{"embeddable":true,"href":"https:\/\/noticiasdestaque.com.br\/index.php\/wp-json\/wp\/v2\/comments?post=45456"}],"version-history":[{"count":0,"href":"https:\/\/noticiasdestaque.com.br\/index.php\/wp-json\/wp\/v2\/posts\/45456\/revisions"}],"wp:featuredmedia":[{"embeddable":true,"href":"https:\/\/noticiasdestaque.com.br\/index.php\/wp-json\/wp\/v2\/media\/45457"}],"wp:attachment":[{"href":"https:\/\/noticiasdestaque.com.br\/index.php\/wp-json\/wp\/v2\/media?parent=45456"}],"wp:term":[{"taxonomy":"category","embeddable":true,"href":"https:\/\/noticiasdestaque.com.br\/index.php\/wp-json\/wp\/v2\/categories?post=45456"},{"taxonomy":"post_tag","embeddable":true,"href":"https:\/\/noticiasdestaque.com.br\/index.php\/wp-json\/wp\/v2\/tags?post=45456"}],"curies":[{"name":"wp","href":"https:\/\/api.w.org\/{rel}","templated":true}]}}