{"id":45454,"date":"2025-08-26T19:50:00","date_gmt":"2025-08-26T22:50:00","guid":{"rendered":"https:\/\/noticiasdestaque.com.br\/index.php\/2025\/08\/26\/previsao-do-tempo-sudeste-tera-chuva-em-areas-de-sp-mg-e-rj-nesta-quarta-feira-27\/"},"modified":"2025-08-26T19:50:00","modified_gmt":"2025-08-26T22:50:00","slug":"previsao-do-tempo-sudeste-tera-chuva-em-areas-de-sp-mg-e-rj-nesta-quarta-feira-27","status":"publish","type":"post","link":"https:\/\/noticiasdestaque.com.br\/index.php\/2025\/08\/26\/previsao-do-tempo-sudeste-tera-chuva-em-areas-de-sp-mg-e-rj-nesta-quarta-feira-27\/","title":{"rendered":"PREVIS\u00c3O DO TEMPO: Sudeste ter\u00e1 chuva em \u00e1reas de SP, MG e RJ, nesta quarta-feira (27)"},"content":{"rendered":"<p>\t\t\t\t\t\t\t\t\t\t<audio controls class=\"b61_audio_player\" data-noticia=\"84238\" src=\"https:\/\/brasil61.com\/rails\/active_storage\/blobs\/eyJfcmFpbHMiOnsibWVzc2FnZSI6IkJBaHBBeEtRQXc9PSIsImV4cCI6bnVsbCwicHVyIjoiYmxvYl9pZCJ9fQ==--0e37ceea219c5b9002b82953c87a2ef83cca13ad\/PTSD254167A\"><\/audio><\/p>\n<p>No Sudeste do Brasil, a quarta-feira (27) ser\u00e1 de chuva em boa parte do estado de S\u00e3o Paulo. Para as regi\u00f5es de Sorocaba, Campinas, Itapeva, Registro e da capital, a previs\u00e3o \u00e9 de muitas nuvens e pancadas de chuva.\u00a0<\/p>\n<p>O mesmo quando ser\u00e1 notado mais ao sul do Rio de Janeiro, em munic\u00edpios como Quatis e Rio Claro.\u00a0<\/p>\n<p>Quanto a Minas Gerais, os acumulados ser\u00e3o registrados da \u00e1rea que liga Po\u00e7os de Caldas a S\u00e3o Louren\u00e7o, tamb\u00e9m ao sul.\u00a0<\/p>\n<p>J\u00e1 para o Esp\u00edrito Santo, assim como para as demais \u00e1reas da regi\u00e3o, a preval\u00eancia ser\u00e1 de varia\u00e7\u00e3o entre muitas e poucas nuvens.\u00a0<\/p>\n<p>Entre as capitais, a temperatura m\u00ednima prevista \u00e9 de 14\u00b0C, em S\u00e3o Paulo. J\u00e1 a m\u00e1xima pode chegar a 28\u00b0C, em Belo Horizonte. A umidade relativa do ar varia entre 35% e 95%.\u00a0<\/p>\n<p>As informa\u00e7\u00f5es s\u00e3o do Instituto Nacional de Meteorologia. \u00a0<\/p>\n<p>\n\u00a0<\/p>\n<p>\t\t\t\t\t\t\t\t\t<img loading=\"lazy\" decoding=\"async\" src=\"https:\/\/brasil61.com\/api\/v1\/serve_pixel\/17677\/84238\" alt=\"Pixel Brasil 61\" class=\"b61_pixel\" width=\"0\" height=\"0\"><\/p>\n<input type=\"hidden\" id=\"baseurl\" value=\"https:\/\/noticiasdestaque.com.br\"><input type=\"hidden\" id=\"audio_nonce\" value=\"6a24ca502e\">","protected":false},"excerpt":{"rendered":"<p>J\u00e1 para o Esp\u00edrito Santo, a preval\u00eancia ser\u00e1 de varia\u00e7\u00e3o entre muitas e poucas nuvens <\/p>\n","protected":false},"author":1,"featured_media":45455,"comment_status":"open","ping_status":"open","sticky":false,"template":"","format":"standard","meta":{"fifu_image_url":"","fifu_image_alt":"","footnotes":""},"categories":[58],"tags":[],"class_list":["post-45454","post","type-post","status-publish","format-standard","has-post-thumbnail","hentry","category-cotidiano"],"distributor_meta":false,"distributor_terms":false,"distributor_media":false,"distributor_original_site_name":"Noticias em Destaque","distributor_original_site_url":"https:\/\/noticiasdestaque.com.br","push-errors":false,"_links":{"self":[{"href":"https:\/\/noticiasdestaque.com.br\/index.php\/wp-json\/wp\/v2\/posts\/45454","targetHints":{"allow":["GET"]}}],"collection":[{"href":"https:\/\/noticiasdestaque.com.br\/index.php\/wp-json\/wp\/v2\/posts"}],"about":[{"href":"https:\/\/noticiasdestaque.com.br\/index.php\/wp-json\/wp\/v2\/types\/post"}],"author":[{"embeddable":true,"href":"https:\/\/noticiasdestaque.com.br\/index.php\/wp-json\/wp\/v2\/users\/1"}],"replies":[{"embeddable":true,"href":"https:\/\/noticiasdestaque.com.br\/index.php\/wp-json\/wp\/v2\/comments?post=45454"}],"version-history":[{"count":0,"href":"https:\/\/noticiasdestaque.com.br\/index.php\/wp-json\/wp\/v2\/posts\/45454\/revisions"}],"wp:featuredmedia":[{"embeddable":true,"href":"https:\/\/noticiasdestaque.com.br\/index.php\/wp-json\/wp\/v2\/media\/45455"}],"wp:attachment":[{"href":"https:\/\/noticiasdestaque.com.br\/index.php\/wp-json\/wp\/v2\/media?parent=45454"}],"wp:term":[{"taxonomy":"category","embeddable":true,"href":"https:\/\/noticiasdestaque.com.br\/index.php\/wp-json\/wp\/v2\/categories?post=45454"},{"taxonomy":"post_tag","embeddable":true,"href":"https:\/\/noticiasdestaque.com.br\/index.php\/wp-json\/wp\/v2\/tags?post=45454"}],"curies":[{"name":"wp","href":"https:\/\/api.w.org\/{rel}","templated":true}]}}