{"id":45452,"date":"2025-08-26T19:40:00","date_gmt":"2025-08-26T22:40:00","guid":{"rendered":"https:\/\/noticiasdestaque.com.br\/index.php\/2025\/08\/26\/previsao-do-tempo-chuvas-atingem-boa-parte-do-norte-do-brasil-nesta-quarta-feira-27\/"},"modified":"2025-08-26T19:40:00","modified_gmt":"2025-08-26T22:40:00","slug":"previsao-do-tempo-chuvas-atingem-boa-parte-do-norte-do-brasil-nesta-quarta-feira-27","status":"publish","type":"post","link":"https:\/\/noticiasdestaque.com.br\/index.php\/2025\/08\/26\/previsao-do-tempo-chuvas-atingem-boa-parte-do-norte-do-brasil-nesta-quarta-feira-27\/","title":{"rendered":"PREVIS\u00c3O DO TEMPO: chuvas atingem boa parte do Norte do Brasil, nesta quarta-feira (27)"},"content":{"rendered":"<p>\t\t\t\t\t\t\t\t\t\t<audio controls class=\"b61_audio_player\" data-noticia=\"84236\" src=\"https:\/\/brasil61.com\/rails\/active_storage\/blobs\/eyJfcmFpbHMiOnsibWVzc2FnZSI6IkJBaHBBeFNRQXc9PSIsImV4cCI6bnVsbCwicHVyIjoiYmxvYl9pZCJ9fQ==--8614723875573c44e39c3606bf9e2fd0e6130e86\/PTRN254532A\"><\/audio><\/p>\n<p>No Norte do Brasil, a previs\u00e3o do tempo para esta quarta-feira (27) \u00e9 de chuva em boa parte da regi\u00e3o.\u00a0<\/p>\n<p>Para todo o Amap\u00e1 e o Baixo Amazonas, no Par\u00e1, s\u00e3o esperadas chuvas isoladas.\u00a0<\/p>\n<p>J\u00e1 na totalidade do territ\u00f3rio de Roraima e nas regi\u00f5es de Rio Preto da Eva, Parintins, Itacoatiara, no Amazonas, a previs\u00e3o \u00e9 de pancadas de chuva e trovoadas isoladas.\u00a0<\/p>\n<p>Por\u00e9m, n\u00e3o deve chover no Acre, Rond\u00f4nia e Tocantins. Nesses estados, deve haver apenas varia\u00e7\u00e3o entre muitas e poucas nuvens.\u00a0<\/p>\n<p>Entre as capitais, a temperatura m\u00ednima prevista \u00e9 de 18\u00b0C, em Rio Branco. J\u00e1 a m\u00e1xima pode chegar a 36\u00b0C, em Manaus. A umidade relativa do ar varia entre 30% e 90%.\u00a0<\/p>\n<p>As informa\u00e7\u00f5es s\u00e3o do Instituto Nacional de Meteorologia. \u00a0<\/p>\n<p>\u00a0<\/p>\n<p>\t\t\t\t\t\t\t\t\t<img loading=\"lazy\" decoding=\"async\" src=\"https:\/\/brasil61.com\/api\/v1\/serve_pixel\/17677\/84236\" alt=\"Pixel Brasil 61\" class=\"b61_pixel\" width=\"0\" height=\"0\"><\/p>\n<input type=\"hidden\" id=\"baseurl\" value=\"https:\/\/noticiasdestaque.com.br\"><input type=\"hidden\" id=\"audio_nonce\" value=\"6a24ca502e\">","protected":false},"excerpt":{"rendered":"<p>Para todo o Amap\u00e1 e o Baixo Amazonas, no Par\u00e1, s\u00e3o esperadas chuvas isoladas<\/p>\n","protected":false},"author":1,"featured_media":45453,"comment_status":"open","ping_status":"open","sticky":false,"template":"","format":"standard","meta":{"fifu_image_url":"","fifu_image_alt":"","footnotes":""},"categories":[58],"tags":[],"class_list":["post-45452","post","type-post","status-publish","format-standard","has-post-thumbnail","hentry","category-cotidiano"],"distributor_meta":false,"distributor_terms":false,"distributor_media":false,"distributor_original_site_name":"Noticias em Destaque","distributor_original_site_url":"https:\/\/noticiasdestaque.com.br","push-errors":false,"_links":{"self":[{"href":"https:\/\/noticiasdestaque.com.br\/index.php\/wp-json\/wp\/v2\/posts\/45452","targetHints":{"allow":["GET"]}}],"collection":[{"href":"https:\/\/noticiasdestaque.com.br\/index.php\/wp-json\/wp\/v2\/posts"}],"about":[{"href":"https:\/\/noticiasdestaque.com.br\/index.php\/wp-json\/wp\/v2\/types\/post"}],"author":[{"embeddable":true,"href":"https:\/\/noticiasdestaque.com.br\/index.php\/wp-json\/wp\/v2\/users\/1"}],"replies":[{"embeddable":true,"href":"https:\/\/noticiasdestaque.com.br\/index.php\/wp-json\/wp\/v2\/comments?post=45452"}],"version-history":[{"count":0,"href":"https:\/\/noticiasdestaque.com.br\/index.php\/wp-json\/wp\/v2\/posts\/45452\/revisions"}],"wp:featuredmedia":[{"embeddable":true,"href":"https:\/\/noticiasdestaque.com.br\/index.php\/wp-json\/wp\/v2\/media\/45453"}],"wp:attachment":[{"href":"https:\/\/noticiasdestaque.com.br\/index.php\/wp-json\/wp\/v2\/media?parent=45452"}],"wp:term":[{"taxonomy":"category","embeddable":true,"href":"https:\/\/noticiasdestaque.com.br\/index.php\/wp-json\/wp\/v2\/categories?post=45452"},{"taxonomy":"post_tag","embeddable":true,"href":"https:\/\/noticiasdestaque.com.br\/index.php\/wp-json\/wp\/v2\/tags?post=45452"}],"curies":[{"name":"wp","href":"https:\/\/api.w.org\/{rel}","templated":true}]}}