{"id":45450,"date":"2025-08-26T19:30:00","date_gmt":"2025-08-26T22:30:00","guid":{"rendered":"https:\/\/noticiasdestaque.com.br\/index.php\/2025\/08\/26\/previsao-do-tempo-nordeste-conta-com-chuva-isolada-na-costa-leste-nesta-quarta-feira-27\/"},"modified":"2025-08-26T19:30:00","modified_gmt":"2025-08-26T22:30:00","slug":"previsao-do-tempo-nordeste-conta-com-chuva-isolada-na-costa-leste-nesta-quarta-feira-27","status":"publish","type":"post","link":"https:\/\/noticiasdestaque.com.br\/index.php\/2025\/08\/26\/previsao-do-tempo-nordeste-conta-com-chuva-isolada-na-costa-leste-nesta-quarta-feira-27\/","title":{"rendered":"PREVIS\u00c3O DO TEMPO: Nordeste conta com chuva isolada na costa leste, nesta quarta-feira (27)"},"content":{"rendered":"<p>\t\t\t\t\t\t\t\t\t\t<audio controls class=\"b61_audio_player\" data-noticia=\"84237\" src=\"https:\/\/brasil61.com\/rails\/active_storage\/blobs\/eyJfcmFpbHMiOnsibWVzc2FnZSI6IkJBaHBBeE9RQXc9PSIsImV4cCI6bnVsbCwicHVyIjoiYmxvYl9pZCJ9fQ==--aa8098de49e9cde9b0469fdf1d575c56624aa3a6\/PTND254780A\"><\/audio><\/p>\n<p>A previs\u00e3o do tempo para o Nordeste brasileiro indica predomin\u00e2ncia de varia\u00e7\u00e3o entre muitas e poucas nuvens, sem chuva, nesta quarta-feira (27).<\/p>\n<p>S\u00e3o esperadas chuvas isoladas apenas na regi\u00e3o costeira de Sergipe, Alagoas e Pernambuco.\u00a0<\/p>\n<p>Alguns acumulados tamb\u00e9m ser\u00e3o notados em \u00e1reas do oeste do Maranh\u00e3o, em cidades como Maraca\u00e7um\u00e9; e no litoral da Bahia, em munic\u00edpios como Ilh\u00e9us.\u00a0<\/p>\n<p>J\u00e1 no Cear\u00e1 e no Piau\u00ed n\u00e3o deve chover.\u00a0<\/p>\n<p>Entre as capitais, a temperatura m\u00ednima prevista \u00e9 de 19\u00b0C, em Salvador. J\u00e1 a m\u00e1xima pode chegar a 37\u00b0C, em Teresina. A umidade relativa do ar varia entre 30% e 90%.\u00a0<\/p>\n<p>As informa\u00e7\u00f5es s\u00e3o do Instituto Nacional de Meteorologia. \u00a0<\/p>\n<p>\n\u00a0<\/p>\n<p>\t\t\t\t\t\t\t\t\t<img loading=\"lazy\" decoding=\"async\" src=\"https:\/\/brasil61.com\/api\/v1\/serve_pixel\/17677\/84237\" alt=\"Pixel Brasil 61\" class=\"b61_pixel\" width=\"0\" height=\"0\"><\/p>\n<input type=\"hidden\" id=\"baseurl\" value=\"https:\/\/noticiasdestaque.com.br\"><input type=\"hidden\" id=\"audio_nonce\" value=\"6a24ca502e\">","protected":false},"excerpt":{"rendered":"<p>S\u00e3o esperadas chuvas isoladas apenas na regi\u00e3o costeira de Sergipe, Alagoas e Pernambuco<\/p>\n","protected":false},"author":1,"featured_media":45451,"comment_status":"open","ping_status":"open","sticky":false,"template":"","format":"standard","meta":{"fifu_image_url":"","fifu_image_alt":"","footnotes":""},"categories":[58],"tags":[],"class_list":["post-45450","post","type-post","status-publish","format-standard","has-post-thumbnail","hentry","category-cotidiano"],"distributor_meta":false,"distributor_terms":false,"distributor_media":false,"distributor_original_site_name":"Noticias em Destaque","distributor_original_site_url":"https:\/\/noticiasdestaque.com.br","push-errors":false,"_links":{"self":[{"href":"https:\/\/noticiasdestaque.com.br\/index.php\/wp-json\/wp\/v2\/posts\/45450","targetHints":{"allow":["GET"]}}],"collection":[{"href":"https:\/\/noticiasdestaque.com.br\/index.php\/wp-json\/wp\/v2\/posts"}],"about":[{"href":"https:\/\/noticiasdestaque.com.br\/index.php\/wp-json\/wp\/v2\/types\/post"}],"author":[{"embeddable":true,"href":"https:\/\/noticiasdestaque.com.br\/index.php\/wp-json\/wp\/v2\/users\/1"}],"replies":[{"embeddable":true,"href":"https:\/\/noticiasdestaque.com.br\/index.php\/wp-json\/wp\/v2\/comments?post=45450"}],"version-history":[{"count":0,"href":"https:\/\/noticiasdestaque.com.br\/index.php\/wp-json\/wp\/v2\/posts\/45450\/revisions"}],"wp:featuredmedia":[{"embeddable":true,"href":"https:\/\/noticiasdestaque.com.br\/index.php\/wp-json\/wp\/v2\/media\/45451"}],"wp:attachment":[{"href":"https:\/\/noticiasdestaque.com.br\/index.php\/wp-json\/wp\/v2\/media?parent=45450"}],"wp:term":[{"taxonomy":"category","embeddable":true,"href":"https:\/\/noticiasdestaque.com.br\/index.php\/wp-json\/wp\/v2\/categories?post=45450"},{"taxonomy":"post_tag","embeddable":true,"href":"https:\/\/noticiasdestaque.com.br\/index.php\/wp-json\/wp\/v2\/tags?post=45450"}],"curies":[{"name":"wp","href":"https:\/\/api.w.org\/{rel}","templated":true}]}}