{"id":45448,"date":"2025-08-26T03:00:00","date_gmt":"2025-08-26T06:00:00","guid":{"rendered":"https:\/\/noticiasdestaque.com.br\/index.php\/2025\/08\/26\/mercado-reduz-previsao-de-inflacao-para-2025-mas-indice-segue-acima-do-teto-da-meta\/"},"modified":"2025-08-26T03:00:00","modified_gmt":"2025-08-26T06:00:00","slug":"mercado-reduz-previsao-de-inflacao-para-2025-mas-indice-segue-acima-do-teto-da-meta","status":"publish","type":"post","link":"https:\/\/noticiasdestaque.com.br\/index.php\/2025\/08\/26\/mercado-reduz-previsao-de-inflacao-para-2025-mas-indice-segue-acima-do-teto-da-meta\/","title":{"rendered":"Mercado reduz previs\u00e3o de infla\u00e7\u00e3o para 2025, mas \u00edndice segue acima do teto da meta"},"content":{"rendered":"<p>\t\t\t\t\t\t\t\t\t\t<audio controls class=\"b61_audio_player\" data-noticia=\"84219\" src=\"https:\/\/brasil61.com\/rails\/active_storage\/blobs\/eyJfcmFpbHMiOnsibWVzc2FnZSI6IkJBaHBBNEdPQXc9PSIsImV4cCI6bnVsbCwicHVyIjoiYmxvYl9pZCJ9fQ==--8672b03dd52abf5e07841241e92cc2984a4c8462\/BRAS2514595A\"><\/audio><\/p>\n<p>O mercado financeiro voltou a reduzir as proje\u00e7\u00f5es para a infla\u00e7\u00e3o do pr\u00f3ximo ano. Segundo o Boletim Focus, divulgado pelo Banco Central nesta segunda-feira (25), a expectativa para o \u00cdndice Nacional de Pre\u00e7os ao Consumidor Amplo (IPCA) caiu de 4,95% para 4,86% em 2025. Apesar da queda, a taxa ainda supera o teto da meta de infla\u00e7\u00e3o definida pelo Conselho Monet\u00e1rio Nacional (CMN), que \u00e9 de 4,5%.<\/p>\n<p>Essa \u00e9 a 13\u00aa semana consecutiva de revis\u00e3o para baixo nas proje\u00e7\u00f5es, que tamb\u00e9m apontam recuo para os anos seguintes: 4,33% em 2026, 3,97% em 2027 e 3,8% em 2028.<\/p>\n<p>Para o economista-chefe da An\u00e1lise Econ\u00f4mica, Andr\u00e9 Galhardo, a trajet\u00f3ria de queda reflete uma corre\u00e7\u00e3o das expectativas exageradas feitas no in\u00edcio do ano.<\/p>\n<p>\u201cEssa proje\u00e7\u00e3o de infla\u00e7\u00e3o menor por parte do mercado financeiro decorre justamente das proje\u00e7\u00f5es que o mercado fez no come\u00e7o do ano. N\u00f3s t\u00ednhamos proje\u00e7\u00f5es de infla\u00e7\u00e3o muito mais altas, t\u00ednhamos institui\u00e7\u00e3o projetando que o IPCA encerraria o ano de 2025 acima de 7,1% e parte da explica\u00e7\u00e3o para essas proje\u00e7\u00f5es t\u00e3o ruins no come\u00e7o derivam de duas coisas: a primeira delas, o descontrole cambial visto em dezembro do ano passado; e a segunda, na cren\u00e7a de que as contas p\u00fablicas sairiam de controle \u2014 nenhuma das coisas acabou se mostrando verdadeira.\u201d<\/p>\n<h2>Fatores conjunturais<\/h2>\n<p>A queda recente dos pre\u00e7os dos alimentos e a estabilidade relativa do barril de petr\u00f3leo ajudaram a aliviar as expectativas. Segundo Galhardo, isso abre a possibilidade de cortes no pre\u00e7o da gasolina at\u00e9 o fim do ano.<\/p>\n<p>\u201cDe modo geral, al\u00e9m desse ajuste, o mercado tem projetado uma infla\u00e7\u00e3o mais baixa. Projetou muito alto l\u00e1 no come\u00e7o, mas tamb\u00e9m tem um comportamento relativamente benigno dos pre\u00e7os dos alimentos, relativamente benigno do barril do petr\u00f3leo \u2014 o que inclusive pode abrir espa\u00e7o para que a Petrobras corte o pre\u00e7o da gasolina nessa reta final de 2025.\u201d<\/p>\n<p>Em julho, o IPCA oficial medido pelo IBGE ficou em 0,26%, acumulando alta de 5,23% em 12 meses, ainda acima do teto da meta. O resultado foi pressionado pelo aumento na conta de energia e pela varia\u00e7\u00e3o cambial, mas compensado pela queda nos alimentos.<\/p>\n<h2>Papel dos juros<\/h2>\n<p>A taxa Selic segue em 15% ao ano, ap\u00f3s sete altas consecutivas interrompidas em julho pelo Comit\u00ea de Pol\u00edtica Monet\u00e1ria (Copom). O mercado projeta manuten\u00e7\u00e3o do patamar at\u00e9 o fim de 2025, com recuos graduais nos anos seguintes.<\/p>\n<p>Para Galhardo, embora a pol\u00edtica monet\u00e1ria tenha influ\u00eancia na desacelera\u00e7\u00e3o da economia e na forma\u00e7\u00e3o das expectativas, ela n\u00e3o \u00e9 o \u00fanico fator que explica a redu\u00e7\u00e3o das proje\u00e7\u00f5es.<\/p>\n<p>\u201cClaro que tem o papel da taxa b\u00e1sica de juros, que j\u00e1 tem contribu\u00eddo para desacelera\u00e7\u00e3o da atividade econ\u00f4mica, e isso tamb\u00e9m contribui para a ancoragem das expectativas, para a redu\u00e7\u00e3o das proje\u00e7\u00f5es de infla\u00e7\u00e3o, sobretudo de curto e m\u00e9dio prazo. Agora, seria incorreto atribuir essa ancoragem das expectativas ao papel da pol\u00edtica monet\u00e1ria. O que tem puxado a infla\u00e7\u00e3o para baixo nesse momento \u00e9, sobretudo, um arrefecimento dos pre\u00e7os dos alimentos e, em alguma medida, dos transportes tamb\u00e9m.\u201d<\/p>\n<h2>Crescimento econ\u00f4mico<\/h2>\n<p>Al\u00e9m da infla\u00e7\u00e3o, o Boletim Focus tamb\u00e9m revisou ligeiramente para baixo a proje\u00e7\u00e3o de crescimento do PIB deste ano, que passou de 2,21% para 2,18%. Para 2026, a expectativa \u00e9 de expans\u00e3o de 1,86%.<\/p>\n<p>\t\t\t\t\t\t\t\t\t<img loading=\"lazy\" decoding=\"async\" src=\"https:\/\/brasil61.com\/api\/v1\/serve_pixel\/17677\/84219\" alt=\"Pixel Brasil 61\" class=\"b61_pixel\" width=\"0\" height=\"0\"><\/p>\n<input type=\"hidden\" id=\"baseurl\" value=\"https:\/\/noticiasdestaque.com.br\"><input type=\"hidden\" id=\"audio_nonce\" value=\"6a24ca502e\">","protected":false},"excerpt":{"rendered":"<p>Expectativa para o IPCA recua pela 13\u00aa semana seguida, mas segue acima do teto da meta do Banco Central, de 4,5%<\/p>\n","protected":false},"author":1,"featured_media":45449,"comment_status":"open","ping_status":"open","sticky":false,"template":"","format":"standard","meta":{"fifu_image_url":"","fifu_image_alt":"","footnotes":""},"categories":[59],"tags":[],"class_list":["post-45448","post","type-post","status-publish","format-standard","has-post-thumbnail","hentry","category-economia"],"distributor_meta":false,"distributor_terms":false,"distributor_media":false,"distributor_original_site_name":"Noticias em Destaque","distributor_original_site_url":"https:\/\/noticiasdestaque.com.br","push-errors":false,"_links":{"self":[{"href":"https:\/\/noticiasdestaque.com.br\/index.php\/wp-json\/wp\/v2\/posts\/45448","targetHints":{"allow":["GET"]}}],"collection":[{"href":"https:\/\/noticiasdestaque.com.br\/index.php\/wp-json\/wp\/v2\/posts"}],"about":[{"href":"https:\/\/noticiasdestaque.com.br\/index.php\/wp-json\/wp\/v2\/types\/post"}],"author":[{"embeddable":true,"href":"https:\/\/noticiasdestaque.com.br\/index.php\/wp-json\/wp\/v2\/users\/1"}],"replies":[{"embeddable":true,"href":"https:\/\/noticiasdestaque.com.br\/index.php\/wp-json\/wp\/v2\/comments?post=45448"}],"version-history":[{"count":0,"href":"https:\/\/noticiasdestaque.com.br\/index.php\/wp-json\/wp\/v2\/posts\/45448\/revisions"}],"wp:featuredmedia":[{"embeddable":true,"href":"https:\/\/noticiasdestaque.com.br\/index.php\/wp-json\/wp\/v2\/media\/45449"}],"wp:attachment":[{"href":"https:\/\/noticiasdestaque.com.br\/index.php\/wp-json\/wp\/v2\/media?parent=45448"}],"wp:term":[{"taxonomy":"category","embeddable":true,"href":"https:\/\/noticiasdestaque.com.br\/index.php\/wp-json\/wp\/v2\/categories?post=45448"},{"taxonomy":"post_tag","embeddable":true,"href":"https:\/\/noticiasdestaque.com.br\/index.php\/wp-json\/wp\/v2\/tags?post=45448"}],"curies":[{"name":"wp","href":"https:\/\/api.w.org\/{rel}","templated":true}]}}