{"id":45446,"date":"2025-08-26T01:00:00","date_gmt":"2025-08-26T04:00:00","guid":{"rendered":"https:\/\/noticiasdestaque.com.br\/index.php\/2025\/08\/26\/motta-anuncia-comissao-geral-para-debater-reforma-administrativa\/"},"modified":"2025-08-26T01:00:00","modified_gmt":"2025-08-26T04:00:00","slug":"motta-anuncia-comissao-geral-para-debater-reforma-administrativa","status":"publish","type":"post","link":"https:\/\/noticiasdestaque.com.br\/index.php\/2025\/08\/26\/motta-anuncia-comissao-geral-para-debater-reforma-administrativa\/","title":{"rendered":"Motta anuncia Comiss\u00e3o Geral para debater Reforma Administrativa"},"content":{"rendered":"<p>\t\t\t\t\t\t\t\t\t\t<audio controls class=\"b61_audio_player\" data-noticia=\"84207\" src=\"https:\/\/brasil61.com\/rails\/active_storage\/blobs\/eyJfcmFpbHMiOnsibWVzc2FnZSI6IkJBaHBBMUtPQXc9PSIsImV4cCI6bnVsbCwicHVyIjoiYmxvYl9pZCJ9fQ==--0a252069665ab4315a71670026379cf8716c586e\/BRAS2514589A\"><\/audio><\/p>\n<p><!--StartFragment -->O presidente da C\u00e2mara dos Deputados, Hugo Motta (Republicanos-PB), anunciou na segunda-feira (25), a realiza\u00e7\u00e3o de uma Comiss\u00e3o Geral, no dia 3 de setembro, para debater a Reforma Administrativa. A iniciativa deve reunir parlamentares e especialistas para avaliar os impactos das mudan\u00e7as propostas na estrutura do servi\u00e7o p\u00fablico.<\/p>\n<p>Para Motta, a reforma n\u00e3o pode mais ser adiada. Ele afirmou que o tema diz respeito diretamente \u201c\u00e0 capacidade do Estado de servir de forma eficiente e justa\u201d \u00e0 popula\u00e7\u00e3o. O debate \u00e9 considerado estrat\u00e9gico por lideran\u00e7as da casa, j\u00e1 que a proposta est\u00e1 entre as prioridades do governo e enfrenta resist\u00eancias em diferentes setores.<\/p>\n<p>\u201cO Brasil precisa de coragem para enfrentar suas verdades. E uma delas \u00e9 inescap\u00e1vel: o Estado n\u00e3o est\u00e1 funcionando na velocidade da sociedade. A cada dia, a vida real cobra mais do que a m\u00e1quina p\u00fablica consegue entregar. E quando o Estado falha, \u00e9 o cidad\u00e3o quem paga a conta\u201d, Motta publicou em suas redes sociais.<\/p>\n<p>A proposta de reforma administrativa enviada pelo governo ao Congresso altera as regras para futuros servidores p\u00fablicos e busca flexibilizar a estrutura da administra\u00e7\u00e3o. Entre as principais mudan\u00e7as est\u00e3o a cria\u00e7\u00e3o de diferentes tipos de v\u00ednculos, a restri\u00e7\u00e3o da estabilidade apenas para carreiras consideradas t\u00edpicas de Estado, a introdu\u00e7\u00e3o do \u201cv\u00ednculo de experi\u00eancia\u201d ap\u00f3s o concurso p\u00fablico e a substitui\u00e7\u00e3o dos atuais cargos comissionados por fun\u00e7\u00f5es de lideran\u00e7a e assessoramento.<\/p>\n<p>A Proposta de Emenda \u00e0 Constitui\u00e7\u00e3o (PEC) tamb\u00e9m estabelece limites a vantagens e benef\u00edcios hoje concedidos no servi\u00e7o p\u00fablico, amplia a possibilidade de contratos tempor\u00e1rios e permite maior autonomia ao presidente da Rep\u00fablica para reorganizar \u00f3rg\u00e3os e cargos da administra\u00e7\u00e3o.<\/p>\n<p>A expectativa \u00e9 que o debate marcado para o dia 3 de setembro contribua para que o projeto avance na pauta do Congresso.<\/p>\n<p><!--EndFragment --><\/p>\n<p>\t\t\t\t\t\t\t\t\t<img loading=\"lazy\" decoding=\"async\" src=\"https:\/\/brasil61.com\/api\/v1\/serve_pixel\/17677\/84207\" alt=\"Pixel Brasil 61\" class=\"b61_pixel\" width=\"0\" height=\"0\"><\/p>\n<input type=\"hidden\" id=\"baseurl\" value=\"https:\/\/noticiasdestaque.com.br\"><input type=\"hidden\" id=\"audio_nonce\" value=\"c9f06e19e6\">","protected":false},"excerpt":{"rendered":"<p>Presidente da C\u00e2mara dos Deputados afirma que discuss\u00e3o \u00e9 urgente e envolve efici\u00eancia do Estado<\/p>\n","protected":false},"author":1,"featured_media":45447,"comment_status":"open","ping_status":"open","sticky":false,"template":"","format":"standard","meta":{"fifu_image_url":"","fifu_image_alt":"","footnotes":""},"categories":[50],"tags":[],"class_list":["post-45446","post","type-post","status-publish","format-standard","has-post-thumbnail","hentry","category-politica"],"distributor_meta":false,"distributor_terms":false,"distributor_media":false,"distributor_original_site_name":"Noticias em Destaque","distributor_original_site_url":"https:\/\/noticiasdestaque.com.br","push-errors":false,"_links":{"self":[{"href":"https:\/\/noticiasdestaque.com.br\/index.php\/wp-json\/wp\/v2\/posts\/45446","targetHints":{"allow":["GET"]}}],"collection":[{"href":"https:\/\/noticiasdestaque.com.br\/index.php\/wp-json\/wp\/v2\/posts"}],"about":[{"href":"https:\/\/noticiasdestaque.com.br\/index.php\/wp-json\/wp\/v2\/types\/post"}],"author":[{"embeddable":true,"href":"https:\/\/noticiasdestaque.com.br\/index.php\/wp-json\/wp\/v2\/users\/1"}],"replies":[{"embeddable":true,"href":"https:\/\/noticiasdestaque.com.br\/index.php\/wp-json\/wp\/v2\/comments?post=45446"}],"version-history":[{"count":0,"href":"https:\/\/noticiasdestaque.com.br\/index.php\/wp-json\/wp\/v2\/posts\/45446\/revisions"}],"wp:featuredmedia":[{"embeddable":true,"href":"https:\/\/noticiasdestaque.com.br\/index.php\/wp-json\/wp\/v2\/media\/45447"}],"wp:attachment":[{"href":"https:\/\/noticiasdestaque.com.br\/index.php\/wp-json\/wp\/v2\/media?parent=45446"}],"wp:term":[{"taxonomy":"category","embeddable":true,"href":"https:\/\/noticiasdestaque.com.br\/index.php\/wp-json\/wp\/v2\/categories?post=45446"},{"taxonomy":"post_tag","embeddable":true,"href":"https:\/\/noticiasdestaque.com.br\/index.php\/wp-json\/wp\/v2\/tags?post=45446"}],"curies":[{"name":"wp","href":"https:\/\/api.w.org\/{rel}","templated":true}]}}