{"id":45419,"date":"2025-08-25T03:00:00","date_gmt":"2025-08-25T06:00:00","guid":{"rendered":"https:\/\/noticiasdestaque.com.br\/index.php\/2025\/08\/25\/credito-nao-basta-empresarios-querem-diplomacia-contra-tarifaco-dos-eua\/"},"modified":"2025-08-25T03:00:00","modified_gmt":"2025-08-25T06:00:00","slug":"credito-nao-basta-empresarios-querem-diplomacia-contra-tarifaco-dos-eua","status":"publish","type":"post","link":"https:\/\/noticiasdestaque.com.br\/index.php\/2025\/08\/25\/credito-nao-basta-empresarios-querem-diplomacia-contra-tarifaco-dos-eua\/","title":{"rendered":"Cr\u00e9dito n\u00e3o basta: empres\u00e1rios querem diplomacia contra tarifa\u00e7o dos EUA"},"content":{"rendered":"<p>\t\t\t\t\t\t\t\t\t\t<audio controls class=\"b61_audio_player\" data-noticia=\"84189\" src=\"https:\/\/brasil61.com\/rails\/active_storage\/blobs\/eyJfcmFpbHMiOnsibWVzc2FnZSI6IkJBaHBBK0dOQXc9PSIsImV4cCI6bnVsbCwicHVyIjoiYmxvYl9pZCJ9fQ==--400146ba3e1b76ae0e1d741bdd075ff1dc542ba2\/CACB250051A\"><\/audio><\/p>\n<p><em>\u201cCr\u00e9dito e financiamento n\u00e3o resolvem. Para quem j\u00e1 perdeu pedidos, isso s\u00f3 aumenta o endividamento. O governo precisa investir mais em negocia\u00e7\u00e3o internacional e menos em medidas paliativas.\u201d<\/em><\/p>\n<p>A opini\u00e3o \u00e9 de Roberto Frey, diretor da Renan M\u00f3veis, empresa com mais de 50 anos de hist\u00f3ria em Fraiburgo, no centro-oeste catarinense. Especializada em m\u00f3veis de madeira maci\u00e7a e tamb\u00e9m reflorestadora, a companhia cresceu exportando para a Europa nos anos 1980 e, depois, consolidou os Estados Unidos como principal destino. Hoje, cerca de 40% de seu volume de vendas depende daquele mercado.<\/p>\n<p>A decis\u00e3o do governo de Donald Trump de impor um tarifa\u00e7o de at\u00e9 50% sobre produtos brasileiros j\u00e1 alterou a rotina da f\u00e1brica. Parte dos clientes aceitou pagar mais caro e repassar o custo para o consumidor final, mas outros simplesmente cancelaram pedidos futuros.<\/p>\n<p>\u201cJ\u00e1 reduzimos contrata\u00e7\u00f5es e diminu\u00edmos a produ\u00e7\u00e3o. Isso se reflete diretamente em empregos, compra de insumos e em toda a economia da cidade\u201d, afirma Frey.<\/p>\n<h2>Pequenas e m\u00e9dias em risco<\/h2>\n<p>O caso da Renan M\u00f3veis n\u00e3o \u00e9 isolado. Segundo a <a href=\"https:\/\/cacb.org.br\/\">Confedera\u00e7\u00e3o das Associa\u00e7\u00f5es Comerciais e Empresariais do Brasil (CACB)<\/a>, cerca de duas mil pequenas e m\u00e9dias exportadoras podem ser afetadas pela sobretaxa, respondendo por US$ 500 milh\u00f5es em vendas anuais. Muitas delas n\u00e3o ter\u00e3o f\u00f4lego para suportar a medida se n\u00e3o houver mudan\u00e7a no cen\u00e1rio.<\/p>\n<p>Em artigo publicado no O Estado de S. Paulo, o presidente da entidade, <strong>Alfredo Cotait Neto<\/strong>, alertou para a gravidade da situa\u00e7\u00e3o.<\/p>\n<p>\u201cEsses empreendedores investiram muito para ampliar o com\u00e9rcio exterior e n\u00e3o podem ficar desassistidos. Se o tarifa\u00e7o se mantiver, muitos empreendimentos poder\u00e3o deixar de existir, aumentando o desemprego\u201d, escreveu.<\/p>\n<p>Para Cotait, o caminho \u00e9 a negocia\u00e7\u00e3o diplom\u00e1tica, sem recorrer a retalia\u00e7\u00f5es que agravariam ainda mais o ambiente econ\u00f4mico. \u201cNegociar faz parte do DNA brasileiro, e n\u00e3o pode ser diferente agora\u201d, defendeu.<\/p>\n<h2>As medidas do governo<\/h2>\n<p>No dia 13 de agosto, o presidente Luiz In\u00e1cio Lula da Silva anunciou o <a href=\"https:\/\/www.gov.br\/planalto\/pt-br\/acompanhe-o-planalto\/noticias\/2025\/08\/governo-lanca-plano-brasil-soberano-para-proteger-exportadores-e-trabalhadores-de-sobretaxas-dos-eua\/apresentacao_brasil_soberano.pdf\">Plano Brasil Soberano<\/a>, tentativa de resposta imediata aos impactos do tarifa\u00e7o. O pacote re\u00fane a\u00e7\u00f5es em tr\u00eas frentes: fortalecimento do setor produtivo, prote\u00e7\u00e3o aos trabalhadores e diplomacia comercial.<\/p>\n<p><strong>Entre as medidas est\u00e3o:<\/strong><\/p>\n<ul>\n<li>R$ 30 bilh\u00f5es em cr\u00e9dito via Fundo Garantidor de Exporta\u00e7\u00f5es, com prioridade para empresas mais afetadas;<\/li>\n<li>Prorroga\u00e7\u00e3o da suspens\u00e3o de tributos e aumento da restitui\u00e7\u00e3o de impostos federais via Reintegra;<\/li>\n<li>Cria\u00e7\u00e3o da C\u00e2mara Nacional de Acompanhamento do Emprego, para monitorar postos de trabalho;<\/li>\n<li>Expans\u00e3o da diplomacia comercial, buscando abrir novos mercados e reduzir a depend\u00eancia dos EUA.<\/li>\n<\/ul>\n<p>O governo afirma que o objetivo \u00e9 preservar empregos e preparar o pa\u00eds para ser mais competitivo em futuras disputas comerciais. Mas, para empres\u00e1rios como Frey, as medidas ainda est\u00e3o longe de resolver o problema.<\/p>\n<p>\u201cN\u00e3o \u00e9 com cr\u00e9dito que vamos manter empregos. O que precisamos \u00e9 de di\u00e1logo e de solu\u00e7\u00f5es que realmente garantam mercado para os nossos produtos\u201d, refor\u00e7a o diretor da Renan M\u00f3veis.<br \/>\n\u00a0<\/p>\n<p>\t\t\t\t\t\t\t\t\t<img loading=\"lazy\" decoding=\"async\" src=\"https:\/\/brasil61.com\/api\/v1\/serve_pixel\/17677\/84189\" alt=\"Pixel Brasil 61\" class=\"b61_pixel\" width=\"0\" height=\"0\"><\/p>\n<input type=\"hidden\" id=\"baseurl\" value=\"https:\/\/noticiasdestaque.com.br\"><input type=\"hidden\" id=\"audio_nonce\" value=\"6f73a554f1\">","protected":false},"excerpt":{"rendered":"<p>Medidas do Plano Brasil Soberano incluem cr\u00e9dito e isen\u00e7\u00f5es, mas setor produtivo insiste em negocia\u00e7\u00f5es comerciais para evitar colapso das exporta\u00e7\u00f5es<\/p>\n","protected":false},"author":1,"featured_media":45420,"comment_status":"open","ping_status":"open","sticky":false,"template":"","format":"standard","meta":{"fifu_image_url":"","fifu_image_alt":"","footnotes":""},"categories":[59],"tags":[],"class_list":["post-45419","post","type-post","status-publish","format-standard","has-post-thumbnail","hentry","category-economia"],"distributor_meta":false,"distributor_terms":false,"distributor_media":false,"distributor_original_site_name":"Noticias em Destaque","distributor_original_site_url":"https:\/\/noticiasdestaque.com.br","push-errors":false,"_links":{"self":[{"href":"https:\/\/noticiasdestaque.com.br\/index.php\/wp-json\/wp\/v2\/posts\/45419","targetHints":{"allow":["GET"]}}],"collection":[{"href":"https:\/\/noticiasdestaque.com.br\/index.php\/wp-json\/wp\/v2\/posts"}],"about":[{"href":"https:\/\/noticiasdestaque.com.br\/index.php\/wp-json\/wp\/v2\/types\/post"}],"author":[{"embeddable":true,"href":"https:\/\/noticiasdestaque.com.br\/index.php\/wp-json\/wp\/v2\/users\/1"}],"replies":[{"embeddable":true,"href":"https:\/\/noticiasdestaque.com.br\/index.php\/wp-json\/wp\/v2\/comments?post=45419"}],"version-history":[{"count":0,"href":"https:\/\/noticiasdestaque.com.br\/index.php\/wp-json\/wp\/v2\/posts\/45419\/revisions"}],"wp:featuredmedia":[{"embeddable":true,"href":"https:\/\/noticiasdestaque.com.br\/index.php\/wp-json\/wp\/v2\/media\/45420"}],"wp:attachment":[{"href":"https:\/\/noticiasdestaque.com.br\/index.php\/wp-json\/wp\/v2\/media?parent=45419"}],"wp:term":[{"taxonomy":"category","embeddable":true,"href":"https:\/\/noticiasdestaque.com.br\/index.php\/wp-json\/wp\/v2\/categories?post=45419"},{"taxonomy":"post_tag","embeddable":true,"href":"https:\/\/noticiasdestaque.com.br\/index.php\/wp-json\/wp\/v2\/tags?post=45419"}],"curies":[{"name":"wp","href":"https:\/\/api.w.org\/{rel}","templated":true}]}}