{"id":45417,"date":"2025-08-25T02:00:00","date_gmt":"2025-08-25T05:00:00","guid":{"rendered":"https:\/\/noticiasdestaque.com.br\/index.php\/2025\/08\/25\/apenas-5-das-empresas-familiares-brasileiras-chegam-a-terceira-geracao-iel-lanca-jornada-de-sucessao-para-mudar-esse-cenario\/"},"modified":"2025-08-25T02:00:00","modified_gmt":"2025-08-25T05:00:00","slug":"apenas-5-das-empresas-familiares-brasileiras-chegam-a-terceira-geracao-iel-lanca-jornada-de-sucessao-para-mudar-esse-cenario","status":"publish","type":"post","link":"https:\/\/noticiasdestaque.com.br\/index.php\/2025\/08\/25\/apenas-5-das-empresas-familiares-brasileiras-chegam-a-terceira-geracao-iel-lanca-jornada-de-sucessao-para-mudar-esse-cenario\/","title":{"rendered":"Apenas 5% das empresas familiares brasileiras chegam \u00e0 terceira gera\u00e7\u00e3o; IEL lan\u00e7a Jornada de Sucess\u00e3o para mudar esse cen\u00e1rio"},"content":{"rendered":"<p>\t\t\t\t\t\t\t\t\t\t<audio controls class=\"b61_audio_player\" data-noticia=\"84200\" src=\"https:\/\/brasil61.com\/rails\/active_storage\/blobs\/eyJfcmFpbHMiOnsibWVzc2FnZSI6IkJBaHBBd2VPQXc9PSIsImV4cCI6bnVsbCwicHVyIjoiYmxvYl9pZCJ9fQ==--0fe57205c61b8b92bb9344ea443d14cbea43e822\/PIND254600A\"><\/audio><\/p>\n<p>Diante da dificuldade de manter neg\u00f3cios familiares por gera\u00e7\u00f5es, o <strong>Instituto Euvaldo Lodi (IEL) <\/strong>criou a<strong> Jornada de Sucess\u00e3o Empresarial<\/strong>, programa nacional que j\u00e1 passou por <strong>Mato Grosso, Bahia, Pernambuco e Rio Grande do Sul<\/strong>. A iniciativa re\u00fane empres\u00e1rios e herdeiros para discutir estrat\u00e9gias de governan\u00e7a, planejamento sucess\u00f3rio e continuidade dos neg\u00f3cios, oferecendo conte\u00fado t\u00e9cnico, cases de sucesso e espa\u00e7os de troca entre fam\u00edlias empres\u00e1rias.<\/p>\n<p>Segundo Carolina Faust, coordenadora de Carreiras e Educa\u00e7\u00e3o Executiva do IEL Nacional, o programa vai al\u00e9m da capacita\u00e7\u00e3o tradicional.<\/p>\n<p>\u201cA jornada de sucess\u00e3o empresarial \u00e9 um programa nacional do <strong>IEL <\/strong>que busca apoiar as empresas familiares num planejamento estruturado da sucess\u00e3o. Ent\u00e3o n\u00f3s trazemos um programa que combina um conte\u00fado t\u00e9cnico de excel\u00eancia, palestras de especialistas, cases pr\u00e1ticos de fam\u00edlias empres\u00e1rias, al\u00e9m de proporcionar tamb\u00e9m espa\u00e7os de troca entre esses empres\u00e1rios e os herdeiros.\u201d<\/p>\n<p>A proposta do <strong>IEL <\/strong>\u00e9 fortalecer a governan\u00e7a, assegurar continuidade dos neg\u00f3cios e preparar as pr\u00f3ximas gera\u00e7\u00f5es de l\u00edderes \u2014 uma necessidade urgente se considerarmos que apenas 5% das empresas familiares brasileiras chegam \u00e0 terceira gera\u00e7\u00e3o, segundo estudo do Observat\u00f3rio Nacional da Ind\u00fastria em parceria com o <strong>IEL<\/strong>.<\/p>\n<h2>Sucess\u00e3o familiar em pr\u00e1tica\u00a0<\/h2>\n<p>Um exemplo pr\u00e1tico da jornada \u00e9 a<strong> Costa Real Latic\u00ednios<\/strong>, de Bu\u00edque, no agreste meridional de Pernambuco. Fundada h\u00e1 cerca de 20 anos por Dr. Alex Costa, a empresa familiar produz queijos, manteiga e outros derivados do leite e emprega atualmente entre 50 e 70 funcion\u00e1rios. Hoje, Amanda Costa, filha do fundador, participa da transi\u00e7\u00e3o de lideran\u00e7a com apoio do programa.<\/p>\n<p>\u201cEu me dei conta de que a sucess\u00e3o n\u00e3o \u00e9 um momento exato, onde o pai se afasta e o filho assume. Existe de fato uma jornada, em que ambas as gera\u00e7\u00f5es precisam trabalhar juntas, dividir conhecimentos e equilibrar experi\u00eancias antigas com inova\u00e7\u00e3o. O programa me deu a oportunidade de tratar t\u00f3picos dif\u00edceis de conversar no \u00e2mbito familiar, com leveza e naturalidade, e me trouxe sentimento de pertencimento e rede de apoio\u201d, conta Amanda Costa.<\/p>\n<p>O IEL refor\u00e7a que a Jornada de Sucess\u00e3o \u00e9 voltada a empres\u00e1rios, herdeiros, membros de conselhos familiares e lideran\u00e7as industriais que enfrentam o desafio da continuidade do neg\u00f3cio. Segundo Carolina Faust. \u201co programa promove pr\u00e1ticas de governan\u00e7a, planejamento antecipado da sucess\u00e3o e profissionaliza\u00e7\u00e3o da gest\u00e3o, estimulando a separa\u00e7\u00e3o clara entre o papel da fam\u00edlia e da empresa e fortalecendo a vis\u00e3o de longo prazo.\u201d<\/p>\n<p>As empresas interessadas podem procurar os n\u00facleos regionais do IEL, em parceria com federa\u00e7\u00f5es estaduais e colegiados de novos l\u00edderes, para obter informa\u00e7\u00f5es sobre inscri\u00e7\u00f5es e participa\u00e7\u00e3o.<\/p>\n<p>O objetivo \u00e9 garantir que o legado das fam\u00edlias empres\u00e1rias seja preservado, com pr\u00e1ticas modernas e inovadoras, assegurando a competitividade e a perenidade dos neg\u00f3cios no Brasil.<br \/>\n\u00a0<\/p>\n<p>\t\t\t\t\t\t\t\t\t<img loading=\"lazy\" decoding=\"async\" src=\"https:\/\/brasil61.com\/api\/v1\/serve_pixel\/17677\/84200\" alt=\"Pixel Brasil 61\" class=\"b61_pixel\" width=\"0\" height=\"0\"><\/p>\n<input type=\"hidden\" id=\"baseurl\" value=\"https:\/\/noticiasdestaque.com.br\"><input type=\"hidden\" id=\"audio_nonce\" value=\"6f73a554f1\">","protected":false},"excerpt":{"rendered":"<p>Programa nacional apoia fam\u00edlias empres\u00e1rias na transi\u00e7\u00e3o entre gera\u00e7\u00f5es, combinando capacita\u00e7\u00e3o t\u00e9cnica, cases de sucesso e troca de experi\u00eancias<\/p>\n","protected":false},"author":1,"featured_media":45418,"comment_status":"open","ping_status":"open","sticky":false,"template":"","format":"standard","meta":{"fifu_image_url":"","fifu_image_alt":"","footnotes":""},"categories":[59],"tags":[],"class_list":["post-45417","post","type-post","status-publish","format-standard","has-post-thumbnail","hentry","category-economia"],"distributor_meta":false,"distributor_terms":false,"distributor_media":false,"distributor_original_site_name":"Noticias em Destaque","distributor_original_site_url":"https:\/\/noticiasdestaque.com.br","push-errors":false,"_links":{"self":[{"href":"https:\/\/noticiasdestaque.com.br\/index.php\/wp-json\/wp\/v2\/posts\/45417","targetHints":{"allow":["GET"]}}],"collection":[{"href":"https:\/\/noticiasdestaque.com.br\/index.php\/wp-json\/wp\/v2\/posts"}],"about":[{"href":"https:\/\/noticiasdestaque.com.br\/index.php\/wp-json\/wp\/v2\/types\/post"}],"author":[{"embeddable":true,"href":"https:\/\/noticiasdestaque.com.br\/index.php\/wp-json\/wp\/v2\/users\/1"}],"replies":[{"embeddable":true,"href":"https:\/\/noticiasdestaque.com.br\/index.php\/wp-json\/wp\/v2\/comments?post=45417"}],"version-history":[{"count":0,"href":"https:\/\/noticiasdestaque.com.br\/index.php\/wp-json\/wp\/v2\/posts\/45417\/revisions"}],"wp:featuredmedia":[{"embeddable":true,"href":"https:\/\/noticiasdestaque.com.br\/index.php\/wp-json\/wp\/v2\/media\/45418"}],"wp:attachment":[{"href":"https:\/\/noticiasdestaque.com.br\/index.php\/wp-json\/wp\/v2\/media?parent=45417"}],"wp:term":[{"taxonomy":"category","embeddable":true,"href":"https:\/\/noticiasdestaque.com.br\/index.php\/wp-json\/wp\/v2\/categories?post=45417"},{"taxonomy":"post_tag","embeddable":true,"href":"https:\/\/noticiasdestaque.com.br\/index.php\/wp-json\/wp\/v2\/tags?post=45417"}],"curies":[{"name":"wp","href":"https:\/\/api.w.org\/{rel}","templated":true}]}}