{"id":45415,"date":"2025-08-25T00:00:00","date_gmt":"2025-08-25T03:00:00","guid":{"rendered":"https:\/\/noticiasdestaque.com.br\/index.php\/2025\/08\/25\/congresso-inicia-semana-com-cpmi-do-inss-mudancas-no-imposto-de-renda-e-debates-sobre-redes-sociais\/"},"modified":"2025-08-25T00:00:00","modified_gmt":"2025-08-25T03:00:00","slug":"congresso-inicia-semana-com-cpmi-do-inss-mudancas-no-imposto-de-renda-e-debates-sobre-redes-sociais","status":"publish","type":"post","link":"https:\/\/noticiasdestaque.com.br\/index.php\/2025\/08\/25\/congresso-inicia-semana-com-cpmi-do-inss-mudancas-no-imposto-de-renda-e-debates-sobre-redes-sociais\/","title":{"rendered":"Congresso inicia semana com CPMI do INSS, mudan\u00e7as no Imposto de Renda e debates sobre redes sociais"},"content":{"rendered":"<p>\t\t\t\t\t\t\t\t\t\t<audio controls class=\"b61_audio_player\" data-noticia=\"84174\" src=\"https:\/\/brasil61.com\/rails\/active_storage\/blobs\/eyJfcmFpbHMiOnsibWVzc2FnZSI6IkJBaHBBK0NOQXc9PSIsImV4cCI6bnVsbCwicHVyIjoiYmxvYl9pZCJ9fQ==--a719ec93b8d6c67a18c4568b1b05ad2d78d87348\/BRAS2514576A\"><\/audio><\/p>\n<p>Depois da instala\u00e7\u00e3o, na \u00faltima quarta-feira (20), da CPMI do INSS, o Congresso ter\u00e1 180 dias para investigar descontos irregulares em aposentadorias e pens\u00f5es. Nesta semana, o colegiado definir\u00e1 o plano de trabalho e os primeiros convocados. A comiss\u00e3o ser\u00e1 formada por 32 parlamentares e apura fraudes que podem ter alcan\u00e7ado R$ 6,3 bilh\u00f5es entre 2019 e 2024.<\/p>\n<p>Outro tema de grande repercuss\u00e3o \u00e9 o projeto que amplia a faixa de isen\u00e7\u00e3o do Imposto de Renda para quem ganha at\u00e9 R$ 5 mil por m\u00eas. A proposta, relatada pelo deputado Arthur Lira, j\u00e1 teve o regime de urg\u00eancia aprovado e pode ser votada em plen\u00e1rio nos pr\u00f3ximos dias. Se aprovada, dobrar\u00e1 o n\u00famero de trabalhadores isentos \u2014 passando de 10 para 20 milh\u00f5es \u2014 e reduzir\u00e1 parcialmente o imposto para quem recebe at\u00e9 R$ 7,3 mil.<\/p>\n<p>A C\u00e2mara tamb\u00e9m dever\u00e1 retomar a an\u00e1lise do projeto contra a adultiza\u00e7\u00e3o de crian\u00e7as nas redes sociais, aprovado em 20 de agosto. O texto cria regras mais r\u00edgidas para plataformas digitais, como a vincula\u00e7\u00e3o obrigat\u00f3ria de perfis de menores a respons\u00e1veis legais e a exig\u00eancia de denunciar conte\u00fados de explora\u00e7\u00e3o ou aliciamento. O descumprimento pode gerar multas de at\u00e9 R$ 50 milh\u00f5es e at\u00e9 a suspens\u00e3o das atividades das empresas.<\/p>\n<p>No Senado, a aten\u00e7\u00e3o se volta para a PEC da autonomia do Banco Central, que deve ampliar a capacidade da institui\u00e7\u00e3o de contratar e conceder aumentos. A vota\u00e7\u00e3o na CCJ foi adiada na semana passada, mas deve voltar \u00e0 pauta. A proposta preocupa o governo, que estima impacto de at\u00e9 R$ 125 bilh\u00f5es nas contas p\u00fablicas. Al\u00e9m disso, os senadores tamb\u00e9m discutem o novo C\u00f3digo Eleitoral, que traz de volta o debate sobre o voto impresso e outras medidas que precisam ser aprovadas at\u00e9 4 de outubro para valer nas elei\u00e7\u00f5es de 2026.<\/p>\n<p>Outro ponto pendente \u00e9 a PEC dos Precat\u00f3rios, cuja vota\u00e7\u00e3o foi adiada pelo presidente do Senado, Davi Alcolumbre. O texto limita o pagamento de d\u00edvidas judiciais por estados e munic\u00edpios e autoriza novo parcelamento para d\u00e9bitos previdenci\u00e1rios. A expectativa \u00e9 de que uma nova data seja definida em reuni\u00e3o de l\u00edderes ainda nesta semana.<\/p>\n<p>\t\t\t\t\t\t\t\t\t<img loading=\"lazy\" decoding=\"async\" src=\"https:\/\/brasil61.com\/api\/v1\/serve_pixel\/17677\/84174\" alt=\"Pixel Brasil 61\" class=\"b61_pixel\" width=\"0\" height=\"0\"><\/p>\n<input type=\"hidden\" id=\"baseurl\" value=\"https:\/\/noticiasdestaque.com.br\"><input type=\"hidden\" id=\"audio_nonce\" value=\"6a24ca502e\">","protected":false},"excerpt":{"rendered":"<p>Parlamentares tamb\u00e9m discutem autonomia do Banco Central, novo C\u00f3digo Eleitoral e PEC dos Precat\u00f3rios em uma agenda cheia de temas decisivos<\/p>\n","protected":false},"author":1,"featured_media":45416,"comment_status":"open","ping_status":"open","sticky":false,"template":"","format":"standard","meta":{"fifu_image_url":"","fifu_image_alt":"","footnotes":""},"categories":[50],"tags":[],"class_list":["post-45415","post","type-post","status-publish","format-standard","has-post-thumbnail","hentry","category-politica"],"distributor_meta":false,"distributor_terms":false,"distributor_media":false,"distributor_original_site_name":"Noticias em Destaque","distributor_original_site_url":"https:\/\/noticiasdestaque.com.br","push-errors":false,"_links":{"self":[{"href":"https:\/\/noticiasdestaque.com.br\/index.php\/wp-json\/wp\/v2\/posts\/45415","targetHints":{"allow":["GET"]}}],"collection":[{"href":"https:\/\/noticiasdestaque.com.br\/index.php\/wp-json\/wp\/v2\/posts"}],"about":[{"href":"https:\/\/noticiasdestaque.com.br\/index.php\/wp-json\/wp\/v2\/types\/post"}],"author":[{"embeddable":true,"href":"https:\/\/noticiasdestaque.com.br\/index.php\/wp-json\/wp\/v2\/users\/1"}],"replies":[{"embeddable":true,"href":"https:\/\/noticiasdestaque.com.br\/index.php\/wp-json\/wp\/v2\/comments?post=45415"}],"version-history":[{"count":0,"href":"https:\/\/noticiasdestaque.com.br\/index.php\/wp-json\/wp\/v2\/posts\/45415\/revisions"}],"wp:featuredmedia":[{"embeddable":true,"href":"https:\/\/noticiasdestaque.com.br\/index.php\/wp-json\/wp\/v2\/media\/45416"}],"wp:attachment":[{"href":"https:\/\/noticiasdestaque.com.br\/index.php\/wp-json\/wp\/v2\/media?parent=45415"}],"wp:term":[{"taxonomy":"category","embeddable":true,"href":"https:\/\/noticiasdestaque.com.br\/index.php\/wp-json\/wp\/v2\/categories?post=45415"},{"taxonomy":"post_tag","embeddable":true,"href":"https:\/\/noticiasdestaque.com.br\/index.php\/wp-json\/wp\/v2\/tags?post=45415"}],"curies":[{"name":"wp","href":"https:\/\/api.w.org\/{rel}","templated":true}]}}