{"id":45409,"date":"2025-08-24T18:40:00","date_gmt":"2025-08-24T21:40:00","guid":{"rendered":"https:\/\/noticiasdestaque.com.br\/index.php\/2025\/08\/24\/previsao-do-tempo-segunda-feira-25-com-pancadas-de-chuva-em-areas-da-regiao-sul\/"},"modified":"2025-08-24T18:40:00","modified_gmt":"2025-08-24T21:40:00","slug":"previsao-do-tempo-segunda-feira-25-com-pancadas-de-chuva-em-areas-da-regiao-sul","status":"publish","type":"post","link":"https:\/\/noticiasdestaque.com.br\/index.php\/2025\/08\/24\/previsao-do-tempo-segunda-feira-25-com-pancadas-de-chuva-em-areas-da-regiao-sul\/","title":{"rendered":"PREVIS\u00c3O DO TEMPO: segunda-feira (25) com pancadas de chuva em \u00e1reas da Regi\u00e3o Sul"},"content":{"rendered":"<p>\t\t\t\t\t\t\t\t\t\t<audio controls class=\"b61_audio_player\" data-noticia=\"84179\" src=\"https:\/\/brasil61.com\/rails\/active_storage\/blobs\/eyJfcmFpbHMiOnsibWVzc2FnZSI6IkJBaHBBK3FOQXc9PSIsImV4cCI6bnVsbCwicHVyIjoiYmxvYl9pZCJ9fQ==--5b160f9a976c16a35d55cdca314c531480c4cc9d\/PTRS254045A\"><\/audio><\/p>\n<p>A previs\u00e3o do tempo para esta segunda-feira (25) na<strong> regi\u00e3o Sul<\/strong> \u00e9 de\u00a0chance de pancadas de chuva isoladas\u00a0no <strong>Paran\u00e1<\/strong> e norte de <strong>Santa Catarina<\/strong>, principalmente nas \u00e1reas mais pr\u00f3ximas ao litoral.<\/p>\n<p>J\u00e1 no <strong>Rio Grande do Sul<\/strong> e no<strong> oeste de Santa Catarina<\/strong>, o tempo deve permanecer com sol entre poucas nuvens.<\/p>\n<p>Entre as capitais, a temperatura m\u00ednima prevista \u00e9 de 5\u00b0C em <strong>Porto Alegre<\/strong>, j\u00e1 a m\u00e1xima est\u00e1 prevista para <strong>Porto Alegre<\/strong> e <strong>Curitiba<\/strong>, com 16\u00b0C. A umidade relativa do ar varia entre 50% e 100%.<\/p>\n<p>As informa\u00e7\u00f5es s\u00e3o do Instituto Nacional de Meteorologia (<a href=\"https:\/\/portal.inmet.gov.br\/\" target=\"_blank\">Inmet<\/a>).<br \/>\n\u00a0<\/p>\n<p>\t\t\t\t\t\t\t\t\t<img loading=\"lazy\" decoding=\"async\" src=\"https:\/\/brasil61.com\/api\/v1\/serve_pixel\/17677\/84179\" alt=\"Pixel Brasil 61\" class=\"b61_pixel\" width=\"0\" height=\"0\"><\/p>\n<input type=\"hidden\" id=\"baseurl\" value=\"https:\/\/noticiasdestaque.com.br\"><input type=\"hidden\" id=\"audio_nonce\" value=\"6f73a554f1\">","protected":false},"excerpt":{"rendered":"<p>Entre as capitais, a temperatura m\u00ednima prevista \u00e9 de 5\u00b0C em Porto Alegre, j\u00e1 a m\u00e1xima est\u00e1 prevista para Porto Alegre e Curitiba, com 16\u00b0C. A umidade relativa do ar varia entre 50% e 100%.<\/p>\n","protected":false},"author":1,"featured_media":45410,"comment_status":"open","ping_status":"open","sticky":false,"template":"","format":"standard","meta":{"fifu_image_url":"","fifu_image_alt":"","footnotes":""},"categories":[58],"tags":[],"class_list":["post-45409","post","type-post","status-publish","format-standard","has-post-thumbnail","hentry","category-cotidiano"],"distributor_meta":false,"distributor_terms":false,"distributor_media":false,"distributor_original_site_name":"Noticias em Destaque","distributor_original_site_url":"https:\/\/noticiasdestaque.com.br","push-errors":false,"_links":{"self":[{"href":"https:\/\/noticiasdestaque.com.br\/index.php\/wp-json\/wp\/v2\/posts\/45409","targetHints":{"allow":["GET"]}}],"collection":[{"href":"https:\/\/noticiasdestaque.com.br\/index.php\/wp-json\/wp\/v2\/posts"}],"about":[{"href":"https:\/\/noticiasdestaque.com.br\/index.php\/wp-json\/wp\/v2\/types\/post"}],"author":[{"embeddable":true,"href":"https:\/\/noticiasdestaque.com.br\/index.php\/wp-json\/wp\/v2\/users\/1"}],"replies":[{"embeddable":true,"href":"https:\/\/noticiasdestaque.com.br\/index.php\/wp-json\/wp\/v2\/comments?post=45409"}],"version-history":[{"count":0,"href":"https:\/\/noticiasdestaque.com.br\/index.php\/wp-json\/wp\/v2\/posts\/45409\/revisions"}],"wp:featuredmedia":[{"embeddable":true,"href":"https:\/\/noticiasdestaque.com.br\/index.php\/wp-json\/wp\/v2\/media\/45410"}],"wp:attachment":[{"href":"https:\/\/noticiasdestaque.com.br\/index.php\/wp-json\/wp\/v2\/media?parent=45409"}],"wp:term":[{"taxonomy":"category","embeddable":true,"href":"https:\/\/noticiasdestaque.com.br\/index.php\/wp-json\/wp\/v2\/categories?post=45409"},{"taxonomy":"post_tag","embeddable":true,"href":"https:\/\/noticiasdestaque.com.br\/index.php\/wp-json\/wp\/v2\/tags?post=45409"}],"curies":[{"name":"wp","href":"https:\/\/api.w.org\/{rel}","templated":true}]}}