{"id":45407,"date":"2025-08-24T18:30:00","date_gmt":"2025-08-24T21:30:00","guid":{"rendered":"https:\/\/noticiasdestaque.com.br\/index.php\/2025\/08\/24\/previsao-do-tempo-segunda-feira-25-com-tempo-firme-no-centro-oeste\/"},"modified":"2025-08-24T18:30:00","modified_gmt":"2025-08-24T21:30:00","slug":"previsao-do-tempo-segunda-feira-25-com-tempo-firme-no-centro-oeste","status":"publish","type":"post","link":"https:\/\/noticiasdestaque.com.br\/index.php\/2025\/08\/24\/previsao-do-tempo-segunda-feira-25-com-tempo-firme-no-centro-oeste\/","title":{"rendered":"PREVIS\u00c3O DO TEMPO: segunda-feira (25) com tempo firme no Centro-Oeste"},"content":{"rendered":"<p>\t\t\t\t\t\t\t\t\t\t<audio controls class=\"b61_audio_player\" data-noticia=\"84178\" src=\"https:\/\/brasil61.com\/rails\/active_storage\/blobs\/eyJfcmFpbHMiOnsibWVzc2FnZSI6IkJBaHBBKzZOQXc9PSIsImV4cCI6bnVsbCwicHVyIjoiYmxvYl9pZCJ9fQ==--29f736d9da6f17c95a513ad3f6f3291cd03d3526\/PTCO254180A\"><\/audio><\/p>\n<p>A previs\u00e3o do tempo para esta segunda-feira (25) na <strong>regi\u00e3o Centro-Oeste<\/strong> \u00e9 de tempo firme na maior parte da regi\u00e3o. Em<strong> Goi\u00e1s, Distrito Federal e norte de Mato Grosso,<\/strong> o sol predomina com poucas nuvens.<\/p>\n<p>J\u00e1 no sul de <strong>Mato Grosso do Sul <\/strong>e parte do sudoeste de <strong>Goi\u00e1s<\/strong>, h\u00e1 possibilidade de pancadas isoladas de chuva.<\/p>\n<p>Entre as capitais, <strong>Campo Grande\u00a0<\/strong>deve registrar a menor temperatura do dia, com m\u00ednima prevista de 14\u00b0C. J\u00e1 a m\u00e1xima pode atingir at\u00e9 33\u00b0C, em <b>Goi\u00e2nia<\/b>. A umidade relativa do ar varia entre 15% e 90%.<\/p>\n<p>As informa\u00e7\u00f5es s\u00e3o do Instituto Nacional de Meteorologia (<a href=\"https:\/\/portal.inmet.gov.br\/\" target=\"_blank\">Inmet<\/a>).<br \/>\n\u00a0<\/p>\n<p>\t\t\t\t\t\t\t\t\t<img loading=\"lazy\" decoding=\"async\" src=\"https:\/\/brasil61.com\/api\/v1\/serve_pixel\/17677\/84178\" alt=\"Pixel Brasil 61\" class=\"b61_pixel\" width=\"0\" height=\"0\"><\/p>\n<input type=\"hidden\" id=\"baseurl\" value=\"https:\/\/noticiasdestaque.com.br\"><input type=\"hidden\" id=\"audio_nonce\" value=\"6f73a554f1\">","protected":false},"excerpt":{"rendered":"<p>Entre as capitais, Campo Grande\u00a0deve registrar a menor temperatura do dia, com m\u00ednima prevista de 14\u00b0C. J\u00e1 a m\u00e1xima pode atingir at\u00e9 33\u00b0C, em Goi\u00e2nia. A umidade relativa do ar varia entre 15% e 90%<\/p>\n","protected":false},"author":1,"featured_media":45408,"comment_status":"open","ping_status":"open","sticky":false,"template":"","format":"standard","meta":{"fifu_image_url":"","fifu_image_alt":"","footnotes":""},"categories":[58],"tags":[],"class_list":["post-45407","post","type-post","status-publish","format-standard","has-post-thumbnail","hentry","category-cotidiano"],"distributor_meta":false,"distributor_terms":false,"distributor_media":false,"distributor_original_site_name":"Noticias em Destaque","distributor_original_site_url":"https:\/\/noticiasdestaque.com.br","push-errors":false,"_links":{"self":[{"href":"https:\/\/noticiasdestaque.com.br\/index.php\/wp-json\/wp\/v2\/posts\/45407","targetHints":{"allow":["GET"]}}],"collection":[{"href":"https:\/\/noticiasdestaque.com.br\/index.php\/wp-json\/wp\/v2\/posts"}],"about":[{"href":"https:\/\/noticiasdestaque.com.br\/index.php\/wp-json\/wp\/v2\/types\/post"}],"author":[{"embeddable":true,"href":"https:\/\/noticiasdestaque.com.br\/index.php\/wp-json\/wp\/v2\/users\/1"}],"replies":[{"embeddable":true,"href":"https:\/\/noticiasdestaque.com.br\/index.php\/wp-json\/wp\/v2\/comments?post=45407"}],"version-history":[{"count":0,"href":"https:\/\/noticiasdestaque.com.br\/index.php\/wp-json\/wp\/v2\/posts\/45407\/revisions"}],"wp:featuredmedia":[{"embeddable":true,"href":"https:\/\/noticiasdestaque.com.br\/index.php\/wp-json\/wp\/v2\/media\/45408"}],"wp:attachment":[{"href":"https:\/\/noticiasdestaque.com.br\/index.php\/wp-json\/wp\/v2\/media?parent=45407"}],"wp:term":[{"taxonomy":"category","embeddable":true,"href":"https:\/\/noticiasdestaque.com.br\/index.php\/wp-json\/wp\/v2\/categories?post=45407"},{"taxonomy":"post_tag","embeddable":true,"href":"https:\/\/noticiasdestaque.com.br\/index.php\/wp-json\/wp\/v2\/tags?post=45407"}],"curies":[{"name":"wp","href":"https:\/\/api.w.org\/{rel}","templated":true}]}}