{"id":45405,"date":"2025-08-24T18:20:00","date_gmt":"2025-08-24T21:20:00","guid":{"rendered":"https:\/\/noticiasdestaque.com.br\/index.php\/2025\/08\/24\/previsao-do-tempo-segunda-feira-25-ensolarada-no-sudeste\/"},"modified":"2025-08-24T18:20:00","modified_gmt":"2025-08-24T21:20:00","slug":"previsao-do-tempo-segunda-feira-25-ensolarada-no-sudeste","status":"publish","type":"post","link":"https:\/\/noticiasdestaque.com.br\/index.php\/2025\/08\/24\/previsao-do-tempo-segunda-feira-25-ensolarada-no-sudeste\/","title":{"rendered":"PREVIS\u00c3O DO TEMPO: segunda-feira (25) ensolarada no Sudeste"},"content":{"rendered":"<p>\t\t\t\t\t\t\t\t\t\t<audio controls class=\"b61_audio_player\" data-noticia=\"84177\" src=\"https:\/\/brasil61.com\/rails\/active_storage\/blobs\/eyJfcmFpbHMiOnsibWVzc2FnZSI6IkJBaHBBK3VOQXc9PSIsImV4cCI6bnVsbCwicHVyIjoiYmxvYl9pZCJ9fQ==--e3b4a476c75303223f78c8e1c7b66ab45ef67bd1\/PTSD254164A\"><\/audio><\/p>\n<p>A previs\u00e3o do tempo para esta segunda-feira (25) na <strong>regi\u00e3o Sudeste <\/strong>\u00e9 de predom\u00ednio de sol na maior parte dos estados, com pouca nebulosidade. Em S\u00e3o Paulo, Minas Gerais e Rio de Janeiro, o tempo\u00a0permanece\u00a0est\u00e1vel.<\/p>\n<p>Na faixa litor\u00e2nea do Esp\u00edrito Santo, h\u00e1 possibilidade de pancadas r\u00e1pidas de chuva\u00a0isoladas. Nas demais \u00e1reas, o tempo segue firme e sem previs\u00e3o de chuva<\/p>\n<p>Entre as capitais, a menor temperatura \u00e9 prevista para <strong>S\u00e3o Paulo<\/strong> com m\u00ednima de 15\u00b0C. A m\u00e1xima pode chegar a 29\u00b0C em <strong>Belo Horizonte<\/strong> e em <strong>Vit\u00f3ria<\/strong>. A umidade relativa do ar varia entre 25% e 100%.<\/p>\n<p>As informa\u00e7\u00f5es s\u00e3o do Instituto Nacional de Meteorologia (<a href=\"https:\/\/portal.inmet.gov.br\/\" target=\"_blank\">Inmet<\/a>).<br \/>\n\u00a0<\/p>\n<p>\t\t\t\t\t\t\t\t\t<img loading=\"lazy\" decoding=\"async\" src=\"https:\/\/brasil61.com\/api\/v1\/serve_pixel\/17677\/84177\" alt=\"Pixel Brasil 61\" class=\"b61_pixel\" width=\"0\" height=\"0\"><\/p>\n<input type=\"hidden\" id=\"baseurl\" value=\"https:\/\/noticiasdestaque.com.br\"><input type=\"hidden\" id=\"audio_nonce\" value=\"6f73a554f1\">","protected":false},"excerpt":{"rendered":"<p>Entre as capitais, a menor temperatura \u00e9 prevista para S\u00e3o Paulo com m\u00ednima de 15\u00b0C. A m\u00e1xima pode chegar a 29\u00b0C em Belo Horizonte e em Vit\u00f3ria. A umidade relativa do ar varia entre 25% e 100%<\/p>\n","protected":false},"author":1,"featured_media":45406,"comment_status":"open","ping_status":"open","sticky":false,"template":"","format":"standard","meta":{"fifu_image_url":"","fifu_image_alt":"","footnotes":""},"categories":[58],"tags":[],"class_list":["post-45405","post","type-post","status-publish","format-standard","has-post-thumbnail","hentry","category-cotidiano"],"distributor_meta":false,"distributor_terms":false,"distributor_media":false,"distributor_original_site_name":"Noticias em Destaque","distributor_original_site_url":"https:\/\/noticiasdestaque.com.br","push-errors":false,"_links":{"self":[{"href":"https:\/\/noticiasdestaque.com.br\/index.php\/wp-json\/wp\/v2\/posts\/45405","targetHints":{"allow":["GET"]}}],"collection":[{"href":"https:\/\/noticiasdestaque.com.br\/index.php\/wp-json\/wp\/v2\/posts"}],"about":[{"href":"https:\/\/noticiasdestaque.com.br\/index.php\/wp-json\/wp\/v2\/types\/post"}],"author":[{"embeddable":true,"href":"https:\/\/noticiasdestaque.com.br\/index.php\/wp-json\/wp\/v2\/users\/1"}],"replies":[{"embeddable":true,"href":"https:\/\/noticiasdestaque.com.br\/index.php\/wp-json\/wp\/v2\/comments?post=45405"}],"version-history":[{"count":0,"href":"https:\/\/noticiasdestaque.com.br\/index.php\/wp-json\/wp\/v2\/posts\/45405\/revisions"}],"wp:featuredmedia":[{"embeddable":true,"href":"https:\/\/noticiasdestaque.com.br\/index.php\/wp-json\/wp\/v2\/media\/45406"}],"wp:attachment":[{"href":"https:\/\/noticiasdestaque.com.br\/index.php\/wp-json\/wp\/v2\/media?parent=45405"}],"wp:term":[{"taxonomy":"category","embeddable":true,"href":"https:\/\/noticiasdestaque.com.br\/index.php\/wp-json\/wp\/v2\/categories?post=45405"},{"taxonomy":"post_tag","embeddable":true,"href":"https:\/\/noticiasdestaque.com.br\/index.php\/wp-json\/wp\/v2\/tags?post=45405"}],"curies":[{"name":"wp","href":"https:\/\/api.w.org\/{rel}","templated":true}]}}