{"id":45395,"date":"2025-08-23T18:40:00","date_gmt":"2025-08-23T21:40:00","guid":{"rendered":"https:\/\/noticiasdestaque.com.br\/index.php\/2025\/08\/23\/previsao-do-tempo-regiao-sul-tera-domingo-de-instabilidades-em-sc-e-pr-enquanto-rs-segue-com-tempo-firme\/"},"modified":"2025-08-23T18:40:00","modified_gmt":"2025-08-23T21:40:00","slug":"previsao-do-tempo-regiao-sul-tera-domingo-de-instabilidades-em-sc-e-pr-enquanto-rs-segue-com-tempo-firme","status":"publish","type":"post","link":"https:\/\/noticiasdestaque.com.br\/index.php\/2025\/08\/23\/previsao-do-tempo-regiao-sul-tera-domingo-de-instabilidades-em-sc-e-pr-enquanto-rs-segue-com-tempo-firme\/","title":{"rendered":"PREVIS\u00c3O DO TEMPO: Regi\u00e3o Sul ter\u00e1 domingo de instabilidades em SC e PR, enquanto RS segue com tempo firme"},"content":{"rendered":"<p>\t\t\t\t\t\t\t\t\t\t<audio controls class=\"b61_audio_player\" data-noticia=\"84171\" src=\"https:\/\/brasil61.com\/rails\/active_storage\/blobs\/eyJfcmFpbHMiOnsibWVzc2FnZSI6IkJBaHBBL0NOQXc9PSIsImV4cCI6bnVsbCwicHVyIjoiYmxvYl9pZCJ9fQ==--8fd58750b76afd1a86aa29bb5b19aa44d089d683\/PTRS254044A\"><\/audio><\/p>\n<p>O domingo (24) ser\u00e1 marcado por contrastes na Regi\u00e3o Sul. Em <strong>Santa Catarina<\/strong>, \u00e1reas de instabilidade favorecem a forma\u00e7\u00e3o de nuvens carregadas e h\u00e1 previs\u00e3o de chuva ao longo do dia em todas as regi\u00f5es, inclusive no litoral.<\/p>\n<p>\nNo <strong>Paran\u00e1<\/strong>, o cen\u00e1rio ser\u00e1 semelhante, com pancadas de chuva generalizadas, intercaladas por per\u00edodos de sol. As temperaturas continuam elevadas, aumentando a sensa\u00e7\u00e3o de abafamento.<\/p>\n<p>\nJ\u00e1 no <strong>Rio Grande do Sul<\/strong>, o tempo permanece firme, com predom\u00ednio de sol, c\u00e9u aberto e temperaturas em eleva\u00e7\u00e3o, sem previs\u00e3o de chuva.<\/p>\n<p>\nEntre as capitais, a temperatura m\u00ednima prevista \u00e9 de 9\u00b0C em <strong>Curitiba <\/strong>e<strong> Porto Alegre<\/strong>, j\u00e1 a m\u00e1xima est\u00e1 prevista para <strong>Curitiba<\/strong>, com 16\u00b0C. A umidade relativa do ar varia entre 45% e 90%.<\/p>\n<p>\nAs informa\u00e7\u00f5es s\u00e3o do Instituto Nacional de Meteorologia (<a href=\"https:\/\/portal.inmet.gov.br\/\" target=\"_blank\">Inmet<\/a>).<br \/>\n\u00a0<\/p>\n<p>\t\t\t\t\t\t\t\t\t<img loading=\"lazy\" decoding=\"async\" src=\"https:\/\/brasil61.com\/api\/v1\/serve_pixel\/17677\/84171\" alt=\"Pixel Brasil 61\" class=\"b61_pixel\" width=\"0\" height=\"0\"><\/p>\n<input type=\"hidden\" id=\"baseurl\" value=\"https:\/\/noticiasdestaque.com.br\"><input type=\"hidden\" id=\"audio_nonce\" value=\"6f73a554f1\">","protected":false},"excerpt":{"rendered":"<p>Chuva atinge Santa Catarina e Paran\u00e1, mas Rio Grande do Sul permanece com sol e ar seco<\/p>\n","protected":false},"author":1,"featured_media":45396,"comment_status":"open","ping_status":"open","sticky":false,"template":"","format":"standard","meta":{"fifu_image_url":"","fifu_image_alt":"","footnotes":""},"categories":[58],"tags":[],"class_list":["post-45395","post","type-post","status-publish","format-standard","has-post-thumbnail","hentry","category-cotidiano"],"distributor_meta":false,"distributor_terms":false,"distributor_media":false,"distributor_original_site_name":"Noticias em Destaque","distributor_original_site_url":"https:\/\/noticiasdestaque.com.br","push-errors":false,"_links":{"self":[{"href":"https:\/\/noticiasdestaque.com.br\/index.php\/wp-json\/wp\/v2\/posts\/45395","targetHints":{"allow":["GET"]}}],"collection":[{"href":"https:\/\/noticiasdestaque.com.br\/index.php\/wp-json\/wp\/v2\/posts"}],"about":[{"href":"https:\/\/noticiasdestaque.com.br\/index.php\/wp-json\/wp\/v2\/types\/post"}],"author":[{"embeddable":true,"href":"https:\/\/noticiasdestaque.com.br\/index.php\/wp-json\/wp\/v2\/users\/1"}],"replies":[{"embeddable":true,"href":"https:\/\/noticiasdestaque.com.br\/index.php\/wp-json\/wp\/v2\/comments?post=45395"}],"version-history":[{"count":0,"href":"https:\/\/noticiasdestaque.com.br\/index.php\/wp-json\/wp\/v2\/posts\/45395\/revisions"}],"wp:featuredmedia":[{"embeddable":true,"href":"https:\/\/noticiasdestaque.com.br\/index.php\/wp-json\/wp\/v2\/media\/45396"}],"wp:attachment":[{"href":"https:\/\/noticiasdestaque.com.br\/index.php\/wp-json\/wp\/v2\/media?parent=45395"}],"wp:term":[{"taxonomy":"category","embeddable":true,"href":"https:\/\/noticiasdestaque.com.br\/index.php\/wp-json\/wp\/v2\/categories?post=45395"},{"taxonomy":"post_tag","embeddable":true,"href":"https:\/\/noticiasdestaque.com.br\/index.php\/wp-json\/wp\/v2\/tags?post=45395"}],"curies":[{"name":"wp","href":"https:\/\/api.w.org\/{rel}","templated":true}]}}